{"id":18455,"date":"2018-06-08T15:21:42","date_gmt":"2018-06-08T19:21:42","guid":{"rendered":"http:\/\/www.corumbaonline.com.br\/news\/?p=18455"},"modified":"2018-06-08T15:22:30","modified_gmt":"2018-06-08T19:22:30","slug":"comando-do-6-distrito-naval-comemora-batalha-naval-do-riachuelo-2","status":"publish","type":"post","link":"https:\/\/www.corumbaonline.com.br\/news\/comando-do-6-distrito-naval-comemora-batalha-naval-do-riachuelo-2\/","title":{"rendered":"Comando do 6\u00b0 Distrito Naval comemora Batalha Naval do Riachuelo"},"content":{"rendered":"<p>O Comando do 6\u00ba Distrito Naval realiza \u00e0 partir de hoje v\u00e1rias atividades em comemora\u00e7\u00f5es alusivas a Batalha Naval do Riachuelo, Data Magna da Marinha, \u00e0 ser celebrado em 11 de junho.<\/p>\n<p>Em Lad\u00e1rio, nesta sexta-feira, \u00e0s 18hs, em frente ao P\u00f3rtico do Complexo Naval de Lad\u00e1rio haver\u00e1 apresenta\u00e7\u00f5es da Troca da Guarda \u201cCunha Couto\u201d e da Banda de M\u00fasica dos Fuzileiros Navais.<\/p>\n<p>No dia 9 (s\u00e1bado), ser\u00e1 realizada A\u00e7\u00e3o C\u00edvico Social na Escola Municipal Marqu\u00eas de Tamandar\u00e9, das 9h \u00e0s 12hs, com os servi\u00e7os de preven\u00e7\u00e3o e promo\u00e7\u00e3o de sa\u00fade, como: teste de glicemia, aferi\u00e7\u00e3o de press\u00e3o arterial, atendimento odontol\u00f3gico, aplica\u00e7\u00e3o de fl\u00faor e corte de cabelo, al\u00e9m de exposi\u00e7\u00e3o de materiais e informa\u00e7\u00f5es de como ingressar na Marinha. A escola fica localizada na Rua: Sime\u00e3o Ribas, n\u00b050, Bairro Nova Alian\u00e7a, Lad\u00e1rio.<\/p>\n<p>Em Corumb\u00e1, nos dias 9 e 10 (s\u00e1bado e domingo), os Navios da Flotilha de Mato Grosso estar\u00e3o abertos para visita\u00e7\u00e3o p\u00fablica, no Porto Geral. Na Pra\u00e7a da Independ\u00eancia de Corumb\u00e1 ser\u00e3o realizadas a\u00e7\u00f5es de promo\u00e7\u00e3o \u00e0 sa\u00fade, exposi\u00e7\u00e3o de materiais e informa\u00e7\u00f5es de como ingressar na Marinha.<\/p>\n<p>Na noite do dia 9 (s\u00e1bado), \u00e0s 18hs, na Pra\u00e7a da Independ\u00eancia de Corumb\u00e1 haver\u00e1 apresenta\u00e7\u00f5es da Troca da Guarda \u201cCunha Couto\u201d e da Banda de M\u00fasica dos Fuzileiros Navais.<\/p>\n<p>E no dia 11, \u00e0s 9h, em frente ao P\u00f3rtico, haver\u00e1 a tradicional Cerim\u00f4nia C\u00edvico-Militar alusiva a data.<\/p>\n<p><strong>HIST\u00d3RICO DA BATALHA NAVAL DO RIACHUELO<\/strong><\/p>\n<p>No dia 11 de junho de 1865, quando o Brasil foi levado a participar da Guerra da Tr\u00edplice Alian\u00e7a, navios da Marinha, comandados pelo Almirante Barroso, operavam num ambiente in\u00f3spito do continente, subindo os rios e enfrentando as baterias instaladas nas margens e nos navios que rebocavam chatas com canh\u00f5es de grosso calibre.<\/p>\n<p>Assim foi travada a Batalha Naval do Riachuelo, nas \u00e1guas do rio Paran\u00e1, pr\u00f3ximo \u00e0 conflu\u00eancia do pequeno afluente. No decorrer da luta, no navio capit\u00e2nia de Barroso, a Fragata Amazonas, foram i\u00e7ados numerosos sinais, transmitindo ordens aos demais comandantes brasileiros. Dois deles foram especialmente c\u00e9lebres: \u201cO Brasil espera que cada um cumpra o seu dever\u201d e \u201cSustentar o fogo que a vit\u00f3ria \u00e9 nossa\u201d.<\/p>\n<p>Anualmente, a Marinha do Brasil comemora o grande feito do Almirante Barroso na Batalha Naval do Riachuelo, ocasi\u00e3o em que s\u00e3o i\u00e7ados nos mastros de todos os navios e organiza\u00e7\u00f5es de terra os hist\u00f3ricos sinais utilizados pelo Chefe Naval durante o confronto.<\/p>\n","protected":false},"excerpt":{"rendered":"<p>O Comando do 6\u00ba Distrito Naval realiza \u00e0 partir de hoje v\u00e1rias atividades em comemora\u00e7\u00f5es&#8230;<\/p>\n","protected":false},"author":1,"featured_media":0,"comment_status":"closed","ping_status":"closed","sticky":false,"template":"","format":"standard","meta":{"footnotes":""},"categories":[14],"tags":[],"class_list":["post-18455","post","type-post","status-publish","format-standard","hentry","category-geral"],"_links":{"self":[{"href":"https:\/\/www.corumbaonline.com.br\/news\/wp-json\/wp\/v2\/posts\/18455","targetHints":{"allow":["GET"]}}],"collection":[{"href":"https:\/\/www.corumbaonline.com.br\/news\/wp-json\/wp\/v2\/posts"}],"about":[{"href":"https:\/\/www.corumbaonline.com.br\/news\/wp-json\/wp\/v2\/types\/post"}],"author":[{"embeddable":true,"href":"https:\/\/www.corumbaonline.com.br\/news\/wp-json\/wp\/v2\/users\/1"}],"replies":[{"embeddable":true,"href":"https:\/\/www.corumbaonline.com.br\/news\/wp-json\/wp\/v2\/comments?post=18455"}],"version-history":[{"count":1,"href":"https:\/\/www.corumbaonline.com.br\/news\/wp-json\/wp\/v2\/posts\/18455\/revisions"}],"predecessor-version":[{"id":18456,"href":"https:\/\/www.corumbaonline.com.br\/news\/wp-json\/wp\/v2\/posts\/18455\/revisions\/18456"}],"wp:attachment":[{"href":"https:\/\/www.corumbaonline.com.br\/news\/wp-json\/wp\/v2\/media?parent=18455"}],"wp:term":[{"taxonomy":"category","embeddable":true,"href":"https:\/\/www.corumbaonline.com.br\/news\/wp-json\/wp\/v2\/categories?post=18455"},{"taxonomy":"post_tag","embeddable":true,"href":"https:\/\/www.corumbaonline.com.br\/news\/wp-json\/wp\/v2\/tags?post=18455"}],"curies":[{"name":"wp","href":"https:\/\/api.w.org\/{rel}","templated":true}]}}