{"id":18459,"date":"2018-06-08T16:10:33","date_gmt":"2018-06-08T20:10:33","guid":{"rendered":"http:\/\/www.corumbaonline.com.br\/news\/?p=18459"},"modified":"2018-06-08T15:31:12","modified_gmt":"2018-06-08T19:31:12","slug":"capacitacao-para-comissoes-escolares-tem-inicio-na-segunda-feira","status":"publish","type":"post","link":"https:\/\/www.corumbaonline.com.br\/news\/capacitacao-para-comissoes-escolares-tem-inicio-na-segunda-feira\/","title":{"rendered":"Capacita\u00e7\u00e3o para Comiss\u00f5es Escolares tem in\u00edcio na segunda-feira"},"content":{"rendered":"<p>A Prefeitura de Corumb\u00e1, por meio da Secretaria Municipal de Educa\u00e7\u00e3o, realizar\u00e1 a primeira Capacita\u00e7\u00e3o para as Comiss\u00f5es Escolares que ir\u00e3o coordenar todo o processo de inscri\u00e7\u00f5es e de orienta\u00e7\u00f5es no \u00e2mbito das unidades escolares, no dia 11 de Junho, \u00e0s 09 horas, no Espa\u00e7o Educacional, que fica na rua Delamare, n\u00ba 1575 \u2013 Centro.<\/p>\n<p>&nbsp;<\/p>\n<p>A capacita\u00e7\u00e3o orientar\u00e1 sobre os procedimentos para a recep\u00e7\u00e3o das inscri\u00e7\u00f5es para o Curso de Gest\u00e3o Escolar e da elei\u00e7\u00e3o dos membros do Colegiado Escolar da Rede Municipal de Ensino de Corumb\u00e1, de acordo com a Resolu\u00e7\u00e3o N\u00ba 102, de 05 de junho de 2018.<\/p>\n<p>&nbsp;<\/p>\n<p>A Comiss\u00e3o Municipal foi institu\u00edda pelo secret\u00e1rio Municipal de Educa\u00e7\u00e3o, por meio da Resolu\u00e7\u00e3o N\u00ba 103, de 06 de Junho de 2018, \u00e9 formada por t\u00e9cnicos da Secretaria de Educa\u00e7\u00e3o e representantes do Sindicato dos Trabalhadores em Educa\u00e7\u00e3o. Essa Comiss\u00e3o tem como miss\u00e3o orientar a forma\u00e7\u00e3o das Comiss\u00f5es Escolares e apoi\u00e1-las no desempenho de suas atribui\u00e7\u00f5es.<\/p>\n","protected":false},"excerpt":{"rendered":"<p>A Prefeitura de Corumb\u00e1, por meio da Secretaria Municipal de Educa\u00e7\u00e3o, realizar\u00e1 a primeira Capacita\u00e7\u00e3o&#8230;<\/p>\n","protected":false},"author":1,"featured_media":0,"comment_status":"closed","ping_status":"closed","sticky":false,"template":"","format":"standard","meta":{"footnotes":""},"categories":[10],"tags":[],"class_list":["post-18459","post","type-post","status-publish","format-standard","hentry","category-educacao"],"_links":{"self":[{"href":"https:\/\/www.corumbaonline.com.br\/news\/wp-json\/wp\/v2\/posts\/18459","targetHints":{"allow":["GET"]}}],"collection":[{"href":"https:\/\/www.corumbaonline.com.br\/news\/wp-json\/wp\/v2\/posts"}],"about":[{"href":"https:\/\/www.corumbaonline.com.br\/news\/wp-json\/wp\/v2\/types\/post"}],"author":[{"embeddable":true,"href":"https:\/\/www.corumbaonline.com.br\/news\/wp-json\/wp\/v2\/users\/1"}],"replies":[{"embeddable":true,"href":"https:\/\/www.corumbaonline.com.br\/news\/wp-json\/wp\/v2\/comments?post=18459"}],"version-history":[{"count":1,"href":"https:\/\/www.corumbaonline.com.br\/news\/wp-json\/wp\/v2\/posts\/18459\/revisions"}],"predecessor-version":[{"id":18460,"href":"https:\/\/www.corumbaonline.com.br\/news\/wp-json\/wp\/v2\/posts\/18459\/revisions\/18460"}],"wp:attachment":[{"href":"https:\/\/www.corumbaonline.com.br\/news\/wp-json\/wp\/v2\/media?parent=18459"}],"wp:term":[{"taxonomy":"category","embeddable":true,"href":"https:\/\/www.corumbaonline.com.br\/news\/wp-json\/wp\/v2\/categories?post=18459"},{"taxonomy":"post_tag","embeddable":true,"href":"https:\/\/www.corumbaonline.com.br\/news\/wp-json\/wp\/v2\/tags?post=18459"}],"curies":[{"name":"wp","href":"https:\/\/api.w.org\/{rel}","templated":true}]}}