{"id":18504,"date":"2018-06-10T11:44:17","date_gmt":"2018-06-10T15:44:17","guid":{"rendered":"http:\/\/www.corumbaonline.com.br\/news\/?p=18504"},"modified":"2018-06-10T11:45:45","modified_gmt":"2018-06-10T15:45:45","slug":"campo-grandense-lana-canepa-assume-bancada-do-jornal-da-band","status":"publish","type":"post","link":"https:\/\/www.corumbaonline.com.br\/news\/campo-grandense-lana-canepa-assume-bancada-do-jornal-da-band\/","title":{"rendered":"Campo-grandense Lana C\u00e2nepa assume bancada do Jornal da Band"},"content":{"rendered":"<p>A jornalista campo-grandense Lana Canepa, que atualmente mora em Brasilia, vai assumir a bancada do Jornal da Band durante a licen\u00e7a maternidade de Paloma Tocci. A decis\u00e3o foi definida na noite desta sexta-feira (8), conforme o colunista Fl\u00e1vio Ricco, do UOL.<\/p>\n<p>Lana e outras apresentadoras do canal j\u00e1 vinham substituindo Paloma, que j\u00e1 se afastou da apresenta\u00e7\u00e3o do telejornal.<\/p>\n<p>A efetiva\u00e7\u00e3o de Lana, segundo a coluna, foi definida ap\u00f3s a grava\u00e7\u00e3o de diversos pilotos.<\/p>\n<p>A campo-grandense e outras jornalistas, como Sheila Magalhaes, da Band News, e Lucilene Caetano, do BandSports, gravaram tanto em S\u00e3o Paulo como em outras cidades.<\/p>\n<p>Lana \u00e9 filha do tamb\u00e9m jornalista Odacil Canepa, que atuou por longo per\u00edodo em Campo Grande.<\/p>\n","protected":false},"excerpt":{"rendered":"<p>A jornalista campo-grandense Lana Canepa, que atualmente mora em Brasilia, vai assumir a bancada do&#8230;<\/p>\n","protected":false},"author":1,"featured_media":18505,"comment_status":"closed","ping_status":"closed","sticky":false,"template":"","format":"standard","meta":{"footnotes":""},"categories":[14],"tags":[],"class_list":["post-18504","post","type-post","status-publish","format-standard","has-post-thumbnail","hentry","category-geral"],"_links":{"self":[{"href":"https:\/\/www.corumbaonline.com.br\/news\/wp-json\/wp\/v2\/posts\/18504","targetHints":{"allow":["GET"]}}],"collection":[{"href":"https:\/\/www.corumbaonline.com.br\/news\/wp-json\/wp\/v2\/posts"}],"about":[{"href":"https:\/\/www.corumbaonline.com.br\/news\/wp-json\/wp\/v2\/types\/post"}],"author":[{"embeddable":true,"href":"https:\/\/www.corumbaonline.com.br\/news\/wp-json\/wp\/v2\/users\/1"}],"replies":[{"embeddable":true,"href":"https:\/\/www.corumbaonline.com.br\/news\/wp-json\/wp\/v2\/comments?post=18504"}],"version-history":[{"count":1,"href":"https:\/\/www.corumbaonline.com.br\/news\/wp-json\/wp\/v2\/posts\/18504\/revisions"}],"predecessor-version":[{"id":18506,"href":"https:\/\/www.corumbaonline.com.br\/news\/wp-json\/wp\/v2\/posts\/18504\/revisions\/18506"}],"wp:featuredmedia":[{"embeddable":true,"href":"https:\/\/www.corumbaonline.com.br\/news\/wp-json\/wp\/v2\/media\/18505"}],"wp:attachment":[{"href":"https:\/\/www.corumbaonline.com.br\/news\/wp-json\/wp\/v2\/media?parent=18504"}],"wp:term":[{"taxonomy":"category","embeddable":true,"href":"https:\/\/www.corumbaonline.com.br\/news\/wp-json\/wp\/v2\/categories?post=18504"},{"taxonomy":"post_tag","embeddable":true,"href":"https:\/\/www.corumbaonline.com.br\/news\/wp-json\/wp\/v2\/tags?post=18504"}],"curies":[{"name":"wp","href":"https:\/\/api.w.org\/{rel}","templated":true}]}}