{"id":18570,"date":"2018-06-11T14:00:34","date_gmt":"2018-06-11T18:00:34","guid":{"rendered":"http:\/\/www.corumbaonline.com.br\/news\/?p=18570"},"modified":"2018-06-11T14:22:52","modified_gmt":"2018-06-11T18:22:52","slug":"prefeitura-recebe-maquinarios-para-agricultura-familiar","status":"publish","type":"post","link":"https:\/\/www.corumbaonline.com.br\/news\/prefeitura-recebe-maquinarios-para-agricultura-familiar\/","title":{"rendered":"Prefeitura recebe maquin\u00e1rios para Agricultura Familiar"},"content":{"rendered":"<p>O prefeito Marcelo Iunes participou na manh\u00e3 desta segunda-feira, 11 de junho, da solenidade de repasse de maquin\u00e1rios para a agricultura familiar feita pelo Governo do Estado. A cerim\u00f4nia, com a presen\u00e7a do governador Reinaldo Azambuja, aconteceu na sede do Centro de Pesquisa e Capacita\u00e7\u00e3o da Agraer (Cepaer).<\/p>\n<p>&nbsp;<\/p>\n<p>Ao todo, 567 equipamentos foram entregues sendo 95 tratores, 96 grades aradoras, 87 grades niveladoras, 86 calcareadeiras, 80 rotoencanteiradores, 79 p\u00e1s carregadeiras, 6 ro\u00e7adeiras, 5 ensiladeiras, 13 carretinhas e 20 resfriadores com capacidade de mil litros cada.<\/p>\n<p>&nbsp;<\/p>\n<p>Foram investidos R$ 12 milh\u00f5es em recursos de emendas parlamentares de emendas parlamentares de oito deputados federais e de tr\u00eas senadores; de recursos do pr\u00f3prio Governo do Estado e de propostas volunt\u00e1rias da Secretaria Especial de Agricultura Familiar e Desenvolvimento, Minist\u00e9rio de Agricultura, Pecu\u00e1ria e Abastecimento (Mapa) e Superintend\u00eancia do Desenvolvimento do Centro-Oeste (Sudeco).<\/p>\n<p>&nbsp;<\/p>\n<p>A mecaniza\u00e7\u00e3o do campo traz mais agilidade nas atividades rurais, reduz o tempo de trabalho dentro de hortas e \u00e1reas de pastagens e, ainda, melhores condi\u00e7\u00f5es para o repasse de conhecimentos t\u00e9cnicos aos agricultores familiares.<\/p>\n<p>&nbsp;<\/p>\n<p>Marcelo Iunes destacou a iniciativa do Governo do Estado e de toda a bancada federal que beneficiou todos os munic\u00edpios de Mato Grosso do Sul. \u201c\u00c9 primeira vez que um governador consegue um alinhamento pol\u00edtico de tamanha envergadura. Temos um grande alinhamento com o governador Reinaldo Azambuja, que \u00e9 um grande parceiro de Corumb\u00e1. Estamos bem alinhados tamb\u00e9m com a nossa bancada parlamentar. Corumb\u00e1 ganha muito com essa parceria e alinhamento\u201d, declarou o chefe do Executivo Municipal.<\/p>\n<p>&nbsp;<\/p>\n<p>Corumb\u00e1 recebeu duas m\u00e1quinas para a agricultura familiar. Tamb\u00e9m participaram da solenidade, o diretor-presidente da Funda\u00e7\u00e3o de Turismo do Pantanal, Antonio Rufo Sant\u2019anna Vinagre, o secret\u00e1rio Municipal de Infraestrutura e Servi\u00e7os P\u00fablicos, Ricardo Campos Ametlla, e os vereadores Bira, Chic\u00e3o Viana e Andr\u00e9 da Farm\u00e1cia. Com informa\u00e7\u00f5es do Governo do Estado de MS.<\/p>\n","protected":false},"excerpt":{"rendered":"<p>O prefeito Marcelo Iunes participou na manh\u00e3 desta segunda-feira, 11 de junho, da solenidade de&#8230;<\/p>\n","protected":false},"author":1,"featured_media":18571,"comment_status":"closed","ping_status":"closed","sticky":false,"template":"","format":"standard","meta":{"footnotes":""},"categories":[2,8],"tags":[],"class_list":["post-18570","post","type-post","status-publish","format-standard","has-post-thumbnail","hentry","category-agropecuaria","category-destaque"],"_links":{"self":[{"href":"https:\/\/www.corumbaonline.com.br\/news\/wp-json\/wp\/v2\/posts\/18570","targetHints":{"allow":["GET"]}}],"collection":[{"href":"https:\/\/www.corumbaonline.com.br\/news\/wp-json\/wp\/v2\/posts"}],"about":[{"href":"https:\/\/www.corumbaonline.com.br\/news\/wp-json\/wp\/v2\/types\/post"}],"author":[{"embeddable":true,"href":"https:\/\/www.corumbaonline.com.br\/news\/wp-json\/wp\/v2\/users\/1"}],"replies":[{"embeddable":true,"href":"https:\/\/www.corumbaonline.com.br\/news\/wp-json\/wp\/v2\/comments?post=18570"}],"version-history":[{"count":1,"href":"https:\/\/www.corumbaonline.com.br\/news\/wp-json\/wp\/v2\/posts\/18570\/revisions"}],"predecessor-version":[{"id":18572,"href":"https:\/\/www.corumbaonline.com.br\/news\/wp-json\/wp\/v2\/posts\/18570\/revisions\/18572"}],"wp:featuredmedia":[{"embeddable":true,"href":"https:\/\/www.corumbaonline.com.br\/news\/wp-json\/wp\/v2\/media\/18571"}],"wp:attachment":[{"href":"https:\/\/www.corumbaonline.com.br\/news\/wp-json\/wp\/v2\/media?parent=18570"}],"wp:term":[{"taxonomy":"category","embeddable":true,"href":"https:\/\/www.corumbaonline.com.br\/news\/wp-json\/wp\/v2\/categories?post=18570"},{"taxonomy":"post_tag","embeddable":true,"href":"https:\/\/www.corumbaonline.com.br\/news\/wp-json\/wp\/v2\/tags?post=18570"}],"curies":[{"name":"wp","href":"https:\/\/api.w.org\/{rel}","templated":true}]}}