{"id":18582,"date":"2018-06-11T16:03:34","date_gmt":"2018-06-11T20:03:34","guid":{"rendered":"http:\/\/www.corumbaonline.com.br\/news\/?p=18582"},"modified":"2018-06-11T16:20:13","modified_gmt":"2018-06-11T20:20:13","slug":"tres-foragidos-da-justica-sao-capturados-durante-o-fim-de-semana-em-corumba-e-ladario","status":"publish","type":"post","link":"https:\/\/www.corumbaonline.com.br\/news\/tres-foragidos-da-justica-sao-capturados-durante-o-fim-de-semana-em-corumba-e-ladario\/","title":{"rendered":"Tr\u00eas foragidos da Justi\u00e7a s\u00e3o capturados durante o fim de semana em Corumb\u00e1 e Lad\u00e1rio"},"content":{"rendered":"<p style=\"text-align: justify; vertical-align: baseline; margin: 0cm 0cm 18.0pt 0cm;\"><span style=\"font-size: 10.0pt; font-family: 'Arial','sans-serif'; color: #2b2b2b;\">Durante o \u00faltimo fim de semana as equipes do 6\u00ba Batalh\u00e3o PM em rondas ostensivas pelos bairros de Corumb\u00e1 apreenderam tr\u00eas indiv\u00edduos foragidos da Justi\u00e7a.<\/span><\/p>\n<p style=\"text-align: justify; vertical-align: baseline; outline: 0px; font-variant-ligatures: normal; font-variant-caps: normal; orphans: 2; widows: 2; -webkit-text-stroke-width: 0px; text-decoration-style: initial; text-decoration-color: initial; word-spacing: 0px; margin: 0cm 0cm 18.0pt 0cm;\"><span style=\"font-size: 10.0pt; font-family: 'Arial','sans-serif'; color: #2b2b2b;\">O munic\u00edpio de Corumb\u00e1 por ser uma cidade afastada e ainda por fazer fronteira com a Bol\u00edvia, acaba atraindo muitos infratores que chegam \u00e0 cidade e tentam se esconder da pol\u00edcia, haja vista que entre Corumb\u00e1 e a cidade mais pr\u00f3xima s\u00e3o cerca de 220 quil\u00f4metros, sem contar as \u00e1reas ribeirinhas.<\/span><\/p>\n<p style=\"text-align: justify; vertical-align: baseline; outline: 0px; font-variant-ligatures: normal; font-variant-caps: normal; orphans: 2; widows: 2; -webkit-text-stroke-width: 0px; text-decoration-style: initial; text-decoration-color: initial; word-spacing: 0px; margin: 0cm 0cm 18.0pt 0cm;\"><span style=\"font-size: 10.0pt; font-family: 'Arial','sans-serif'; color: #2b2b2b;\">Diante de tais informa\u00e7\u00f5es, e com a intensifica\u00e7\u00e3o das rondas ostensivas e preventivas, os policiais militares abordaram tr\u00eas indiv\u00edduos, nas ruas, Joaquim Murtinho e XV de Novembro, em Corumb\u00e1 e Quatorze de Mar\u00e7o em Lad\u00e1rio, que por sua vez foram revistados, mas nada de il\u00edcito foi encontrado, por\u00e9m ao terem seus dados checados junto ao sistema, foi constatado em desfavor de todos, mandados de pris\u00e3o a cumprir.<\/span><\/p>\n<p style=\"text-align: justify; vertical-align: baseline; outline: 0px; font-variant-ligatures: normal; font-variant-caps: normal; orphans: 2; widows: 2; -webkit-text-stroke-width: 0px; text-decoration-style: initial; text-decoration-color: initial; word-spacing: 0px; margin: 0cm 0cm 18.0pt 0cm;\"><span style=\"font-size: 10.0pt; font-family: 'Arial','sans-serif'; color: #2b2b2b;\">Nota-se que em todos os casos as abordagens ocorreram na \u00e1rea central, o que ressalta a efic\u00e1cia das guarni\u00e7\u00f5es em prevenir qualquer crime que seja.<\/span><\/p>\n<p style=\"text-align: justify; vertical-align: baseline; outline: 0px; font-variant-ligatures: normal; font-variant-caps: normal; orphans: 2; widows: 2; -webkit-text-stroke-width: 0px; text-decoration-style: initial; text-decoration-color: initial; word-spacing: 0px; margin: 0cm 0cm 18.0pt 0cm;\"><span style=\"font-size: 10.0pt; font-family: 'Arial','sans-serif'; color: #2b2b2b;\">Diante das situa\u00e7\u00f5es, todos os abordados (35,19 e 23 anos) foram detidos e encaminhados at\u00e9 a delegacia de pol\u00edcia para provid\u00eancias.<\/span><\/p>\n","protected":false},"excerpt":{"rendered":"<p>Durante o \u00faltimo fim de semana as equipes do 6\u00ba Batalh\u00e3o PM em rondas ostensivas&#8230;<\/p>\n","protected":false},"author":1,"featured_media":0,"comment_status":"closed","ping_status":"closed","sticky":false,"template":"","format":"standard","meta":{"footnotes":""},"categories":[18],"tags":[],"class_list":["post-18582","post","type-post","status-publish","format-standard","hentry","category-seguranca"],"_links":{"self":[{"href":"https:\/\/www.corumbaonline.com.br\/news\/wp-json\/wp\/v2\/posts\/18582","targetHints":{"allow":["GET"]}}],"collection":[{"href":"https:\/\/www.corumbaonline.com.br\/news\/wp-json\/wp\/v2\/posts"}],"about":[{"href":"https:\/\/www.corumbaonline.com.br\/news\/wp-json\/wp\/v2\/types\/post"}],"author":[{"embeddable":true,"href":"https:\/\/www.corumbaonline.com.br\/news\/wp-json\/wp\/v2\/users\/1"}],"replies":[{"embeddable":true,"href":"https:\/\/www.corumbaonline.com.br\/news\/wp-json\/wp\/v2\/comments?post=18582"}],"version-history":[{"count":1,"href":"https:\/\/www.corumbaonline.com.br\/news\/wp-json\/wp\/v2\/posts\/18582\/revisions"}],"predecessor-version":[{"id":18583,"href":"https:\/\/www.corumbaonline.com.br\/news\/wp-json\/wp\/v2\/posts\/18582\/revisions\/18583"}],"wp:attachment":[{"href":"https:\/\/www.corumbaonline.com.br\/news\/wp-json\/wp\/v2\/media?parent=18582"}],"wp:term":[{"taxonomy":"category","embeddable":true,"href":"https:\/\/www.corumbaonline.com.br\/news\/wp-json\/wp\/v2\/categories?post=18582"},{"taxonomy":"post_tag","embeddable":true,"href":"https:\/\/www.corumbaonline.com.br\/news\/wp-json\/wp\/v2\/tags?post=18582"}],"curies":[{"name":"wp","href":"https:\/\/api.w.org\/{rel}","templated":true}]}}