{"id":18667,"date":"2018-06-13T10:36:37","date_gmt":"2018-06-13T14:36:37","guid":{"rendered":"http:\/\/www.corumbaonline.com.br\/news\/?p=18667"},"modified":"2018-06-13T11:11:44","modified_gmt":"2018-06-13T15:11:44","slug":"gestores-do-sesi-visitam-sede-da-microsoft-em-busca-de-inovacoes-na-area-de-educacao-e-sst","status":"publish","type":"post","link":"https:\/\/www.corumbaonline.com.br\/news\/gestores-do-sesi-visitam-sede-da-microsoft-em-busca-de-inovacoes-na-area-de-educacao-e-sst\/","title":{"rendered":"Gestores do Sesi visitam sede da Microsoft em busca de inova\u00e7\u00f5es na \u00e1rea de Educa\u00e7\u00e3o e SST"},"content":{"rendered":"<p>O superintendente do Sesi de Mato Grosso do Sul, Bergson Amarilla, acompanhado da diretora de Sa\u00fade e Seguran\u00e7a do Trabalho do Sesi, Adriana Sato, da gerente de educa\u00e7\u00e3o do Sesi, Simone Cruz, e do gerente do Centro de Inova\u00e7\u00e3o do Sesi, Ricardo Eg\u00eddio, esteve, nesta ter\u00e7a-feira (12\/06), na sede corporativa da Microsoft, localizada na cidade de Redmond, no Estado de Washington, nos Estados Unidos, em busca de solu\u00e7\u00f5es que a empresa de tecnologia possa oferecer para serem implantadas para a ind\u00fastria do Estado e replicadas em escala nacional.<\/p>\n<p>&nbsp;<\/p>\n<p>Durante uma s\u00e9rie de reuni\u00f5es realizadas ao longo do dia, os gestores estiveram focados em produtos que atendam \u00e0s necessidades do Sesi nas \u00e1reas de Educa\u00e7\u00e3o e SST, especificamente, no Centro de Inova\u00e7\u00e3o, rec\u00e9m-inaugurado em Campo Grande (MS) para atender \u00e0s demandas relacionadas aos sistemas de Gest\u00e3o em Sa\u00fade e Seguran\u00e7a do Trabalho.<\/p>\n<p>&nbsp;<\/p>\n<p>\u201cParticipamos de v\u00e1rias confer\u00eancias sobre os aplicativos que a Microsoft disponibiliza na \u00e1rea de ensino, e tamb\u00e9m pesquisas que est\u00e3o em andamento na \u00e1rea de seguran\u00e7a do trabalho. Outro aspecto importante da nossa visita \u00e0 Microsoft \u00e9 buscarmos uma parceria para a startup do Sesi, que ter\u00e1 o objetivo de desenvolver produtos inovadores para educa\u00e7\u00e3o e desenvolvimento de pessoas\u201d, acrescentou o superintendente do Sesi, Bergson Amarilla.<\/p>\n<p>&nbsp;<\/p>\n<p>Diretora de SST do Sesi, Adriana Sato destaca da visita as in\u00fameras possibilidades de inova\u00e7\u00e3o que foram abertas para a institui\u00e7\u00e3o no Estado. \u201cV\u00e1rias ferramentas inovadoras desenvolvidas pela Microsoft v\u00e3o auxiliar as ind\u00fastrias a fazer uma gest\u00e3o dos ambientes e dos riscos do trabalho. Al\u00e9m do mais, h\u00e1 v\u00e1rias ferramentas como OneNote, Microsoft Teens, que a gente pode utilizar para capacita\u00e7\u00e3o dos trabalhadores\u201d, elencou a m\u00e9dica do trabalho.<\/p>\n<p>&nbsp;<\/p>\n<p>O Sesi regional j\u00e1 trabalha em parceria com a Microsoft no desenvolvimento do software Gest\u00e3o Anal\u00edtica em SST que, por meio de reconhecimento facial, associado a termostatos, permitir\u00e1 a estabelecimentos que atuam com ambientes climatizados ter acesso a uma s\u00e9rie de informa\u00e7\u00f5es para fazer a gest\u00e3o correta da sa\u00fade e seguran\u00e7a do trabalhador.<\/p>\n<p>&nbsp;<\/p>\n<p>\u201cO mais interessante \u00e9 que a ferramenta do v\u00eddeo Analytics, associada com uma base de dados, poder\u00e1 prover dados preventivos de poss\u00edveis acidentes que, hoje, n\u00e3o existem. Ent\u00e3o, n\u00f3s poderemos prever por comportamentos anteriores quais as situa\u00e7\u00f5es de risco e impedir que o acidente aconte\u00e7a, algo extremamente \u00fatil e necess\u00e1rio no cen\u00e1rio brasileiro hoje em dia\u201d, exemplificou Adriana Sato.<\/p>\n<p>&nbsp;<\/p>\n<p>A gerente de educa\u00e7\u00e3o do Sesi, Simone Cruz, avalia que a aproxima\u00e7\u00e3o da institui\u00e7\u00e3o com a Microsoft \u00e9 um indicador de que a institui\u00e7\u00e3o evolui e segue no caminho da inova\u00e7\u00e3o. \u201cInovar tecnologicamente n\u00e3o \u00e9 simplesmente trazer ferramentas, mas tamb\u00e9m pensar em forma\u00e7\u00e3o, internet das coisas, parques tecnol\u00f3gicos, e para isso a gente precisa de um parceiro com todo esse know-how, como a Microsoft. Essa visita representa o fortalecimento dos rumos de uma nova educa\u00e7\u00e3o que o Sesi vem tra\u00e7ando nos \u00faltimos anos, focado no futuro da forma\u00e7\u00e3o dos jovens que est\u00e3o conosco\u201d, conclui.<\/p>\n","protected":false},"excerpt":{"rendered":"<p>O superintendente do Sesi de Mato Grosso do Sul, Bergson Amarilla, acompanhado da diretora de&#8230;<\/p>\n","protected":false},"author":1,"featured_media":18668,"comment_status":"closed","ping_status":"closed","sticky":false,"template":"","format":"standard","meta":{"footnotes":""},"categories":[19],"tags":[],"class_list":["post-18667","post","type-post","status-publish","format-standard","has-post-thumbnail","hentry","category-politica"],"_links":{"self":[{"href":"https:\/\/www.corumbaonline.com.br\/news\/wp-json\/wp\/v2\/posts\/18667","targetHints":{"allow":["GET"]}}],"collection":[{"href":"https:\/\/www.corumbaonline.com.br\/news\/wp-json\/wp\/v2\/posts"}],"about":[{"href":"https:\/\/www.corumbaonline.com.br\/news\/wp-json\/wp\/v2\/types\/post"}],"author":[{"embeddable":true,"href":"https:\/\/www.corumbaonline.com.br\/news\/wp-json\/wp\/v2\/users\/1"}],"replies":[{"embeddable":true,"href":"https:\/\/www.corumbaonline.com.br\/news\/wp-json\/wp\/v2\/comments?post=18667"}],"version-history":[{"count":1,"href":"https:\/\/www.corumbaonline.com.br\/news\/wp-json\/wp\/v2\/posts\/18667\/revisions"}],"predecessor-version":[{"id":18669,"href":"https:\/\/www.corumbaonline.com.br\/news\/wp-json\/wp\/v2\/posts\/18667\/revisions\/18669"}],"wp:featuredmedia":[{"embeddable":true,"href":"https:\/\/www.corumbaonline.com.br\/news\/wp-json\/wp\/v2\/media\/18668"}],"wp:attachment":[{"href":"https:\/\/www.corumbaonline.com.br\/news\/wp-json\/wp\/v2\/media?parent=18667"}],"wp:term":[{"taxonomy":"category","embeddable":true,"href":"https:\/\/www.corumbaonline.com.br\/news\/wp-json\/wp\/v2\/categories?post=18667"},{"taxonomy":"post_tag","embeddable":true,"href":"https:\/\/www.corumbaonline.com.br\/news\/wp-json\/wp\/v2\/tags?post=18667"}],"curies":[{"name":"wp","href":"https:\/\/api.w.org\/{rel}","templated":true}]}}