{"id":18802,"date":"2018-06-15T11:04:20","date_gmt":"2018-06-15T15:04:20","guid":{"rendered":"http:\/\/www.corumbaonline.com.br\/news\/?p=18802"},"modified":"2018-06-15T12:37:30","modified_gmt":"2018-06-15T16:37:30","slug":"lei-cria-cadastro-estadual-dos-condenados-por-racismo-ou-injuria-racial-em-ms","status":"publish","type":"post","link":"https:\/\/www.corumbaonline.com.br\/news\/lei-cria-cadastro-estadual-dos-condenados-por-racismo-ou-injuria-racial-em-ms\/","title":{"rendered":"Lei cria Cadastro Estadual dos condenados por racismo ou inj\u00faria racial em MS"},"content":{"rendered":"<p>O governador Reinaldo Azambuja sancionou nesta sexta-feira (15.6) a lei n\u00ba 5.216, que institui o Cadastro Estadual dos condenados por racismo ou inj\u00faria racial em Mato Grosso do Sul.<\/p>\n<p>Conforme a lei, fica criado o Cadastro Estadual dos Condenados por Racismo ou Inj\u00faria Racial, cabendo \u00e0 Secretaria de Estado de Justi\u00e7a e Seguran\u00e7a P\u00fablica (Sejusp), o cadastro e a responsabilidade de regulamentar a cria\u00e7\u00e3o, a atualiza\u00e7\u00e3o, a divulga\u00e7\u00e3o e o acesso aos nomes.<\/p>\n<p>Ser\u00e3o inclu\u00eddos no cadastro as pessoas condenadas, com decis\u00e3o transitada em julgado, pelo crime de racismo e\/ou crime de inj\u00faria racial j\u00e1 definidos em lei.<\/p>\n<p>O cadastro estadual dever\u00e1 conter os dados pessoais completos, foto e caracter\u00edsticas f\u00edsicas; idade do cadastrado e da v\u00edtima; endere\u00e7o atualizado do cadastrado e hist\u00f3rico de crimes. Ele deve ser disponibilizado no endere\u00e7o eletr\u00f4nico da Sejusp, observado que poder\u00e1 ter acesso ao cadastro qualquer cidad\u00e3o, restrito apenas \u00e0 divulga\u00e7\u00e3o relativa \u00e0 identifica\u00e7\u00e3o e \u00e0 foto dos cadastrados, que tiveram a condena\u00e7\u00e3o transitada em julgado e observado o prazo da reabilita\u00e7\u00e3o penal, quando ent\u00e3o deixar\u00e3o de constar em consulta \u00e0 lista pelo cidad\u00e3o.<\/p>\n<p>Ter\u00e3o acesso integral ao cadastro Pol\u00edcias Civil e Militar, membros do Minist\u00e9rio P\u00fablico e do Poder Judici\u00e1rio, e demais autoridades.<\/p>\n<p>A lei ainda ter\u00e1 que ser regulamentada pelo Poder Executivo e entra em vigor no prazo de trinta dias.<\/p>\n","protected":false},"excerpt":{"rendered":"<p>O governador Reinaldo Azambuja sancionou nesta sexta-feira (15.6) a lei n\u00ba 5.216, que institui o&#8230;<\/p>\n","protected":false},"author":1,"featured_media":0,"comment_status":"closed","ping_status":"closed","sticky":false,"template":"","format":"standard","meta":{"footnotes":""},"categories":[14],"tags":[],"class_list":["post-18802","post","type-post","status-publish","format-standard","hentry","category-geral"],"_links":{"self":[{"href":"https:\/\/www.corumbaonline.com.br\/news\/wp-json\/wp\/v2\/posts\/18802","targetHints":{"allow":["GET"]}}],"collection":[{"href":"https:\/\/www.corumbaonline.com.br\/news\/wp-json\/wp\/v2\/posts"}],"about":[{"href":"https:\/\/www.corumbaonline.com.br\/news\/wp-json\/wp\/v2\/types\/post"}],"author":[{"embeddable":true,"href":"https:\/\/www.corumbaonline.com.br\/news\/wp-json\/wp\/v2\/users\/1"}],"replies":[{"embeddable":true,"href":"https:\/\/www.corumbaonline.com.br\/news\/wp-json\/wp\/v2\/comments?post=18802"}],"version-history":[{"count":1,"href":"https:\/\/www.corumbaonline.com.br\/news\/wp-json\/wp\/v2\/posts\/18802\/revisions"}],"predecessor-version":[{"id":18803,"href":"https:\/\/www.corumbaonline.com.br\/news\/wp-json\/wp\/v2\/posts\/18802\/revisions\/18803"}],"wp:attachment":[{"href":"https:\/\/www.corumbaonline.com.br\/news\/wp-json\/wp\/v2\/media?parent=18802"}],"wp:term":[{"taxonomy":"category","embeddable":true,"href":"https:\/\/www.corumbaonline.com.br\/news\/wp-json\/wp\/v2\/categories?post=18802"},{"taxonomy":"post_tag","embeddable":true,"href":"https:\/\/www.corumbaonline.com.br\/news\/wp-json\/wp\/v2\/tags?post=18802"}],"curies":[{"name":"wp","href":"https:\/\/api.w.org\/{rel}","templated":true}]}}