{"id":18806,"date":"2018-06-15T11:38:17","date_gmt":"2018-06-15T15:38:17","guid":{"rendered":"http:\/\/www.corumbaonline.com.br\/news\/?p=18806"},"modified":"2018-06-15T13:13:17","modified_gmt":"2018-06-15T17:13:17","slug":"analisando-8","status":"publish","type":"post","link":"https:\/\/www.corumbaonline.com.br\/news\/analisando-8\/","title":{"rendered":"Analisando&#8230;"},"content":{"rendered":"<p><strong>Copa do Mundo<\/strong><\/p>\n<p>Esta iniciando mais uma Copa do Mundo. Uma diferente das demais, pelos acontecimentos que est\u00e3o ocorrendo no brasil, pelo clima de tens\u00e3o entre classes entre outras coisas.<\/p>\n<p><strong>Torcedor<\/strong><\/p>\n<p>Espero sinceramente que o torcedor n\u00e3o se deixe levar por estas paranoias de \u201ccoxinhas e petralhas\u201d de que torcer para o Brasil e ser alienado, leviano, abobalhado, pato da FIESP entre outros pejorativos&#8230;.<\/p>\n<p><strong>Cultura<\/strong><\/p>\n<p>Esta na linha cultural, na forma\u00e7\u00e3o do brasileiro a paix\u00e3o pelo futebol, pela sele\u00e7\u00e3o, que o t\u00e9cnico Tite conseguiu resgatar ap\u00f3s os famosos 7&#215;1, e isso n\u00e3o se pode deixar ser influenciado por esta onda de protestos muitas vezes de fundo duvidoso.<\/p>\n<p><strong>Pesquisa<\/strong><\/p>\n<p>O Datafolha soltou nesta semana a mais recente pesquisa eleitoral para presidente da republica. Se observarmos s\u00f3 os n\u00fameros veremos que n\u00e3o houve altera\u00e7\u00e3o nos n\u00fameros, o ex-presidente Lula continua liderando sendo seguido de longe pelo Bolsonaro e Marina Silva.<\/p>\n<p><strong>Transfer\u00eancia<\/strong><\/p>\n<p>O que mais chamou a aten\u00e7\u00e3o na pesquisa foi o aumento do percentual de pessoas entrevistadas que admitem que votem no candidato apoiado pelo ex-Presidente Lula. O numero que j\u00e1 esteve em 15%, chegou \u00e0 casa dos 30% e parece que v\u00e3o consolidando um cen\u00e1rio de que o Ex-Presidente Lula definira que candidato estar\u00e1 no segundo turno .<\/p>\n<p><strong>Corumb\u00e1<\/strong><\/p>\n<p>Por estas bandas, o Prefeito Marcelo Iunes continua aplicando medidas de conten\u00e7\u00e3o de gastos e cortes na administra\u00e7\u00e3o. Nesta semana criou o COFIN, grupo que fara a condu\u00e7\u00e3o dos trabalhos neste per\u00edodo de crise e orientara o prefeito sob medidas a serem tomadas neste momento da crise.<\/p>\n<p><strong>Professores<\/strong><\/p>\n<p>Nesta sexta feira o SINTED reuniu os professores do mun\u00edcipio para deliberar sobre a proposta do munic\u00edpio para o reajuste dos servidores da educa\u00e7\u00e3o. Segundo apurado pela coluna n\u00e3o houve acordo com o munic\u00edpio e uma greve deve ser deflagrada nos pr\u00f3ximos dias.<\/p>\n<p><strong>Politica<\/strong><\/p>\n<p>As articula\u00e7\u00f5es politicas continuam a todo vapor na regi\u00e3o pantaneira. Por\u00e9m a cada dia vai ficando claro os candidatos que de fato devem disputar uma cadeira na C\u00e2mara Federal e da Assembleia Legislativa.<\/p>\n<p><strong>Nomes<\/strong><\/p>\n<p>Esta mais que definido que para a C\u00e2mara Federal teremos o ex-prefeito \u00c9der Brambilla e o Vereador Machado na disputa.<\/p>\n<p>J\u00e1 por uma das 24 cadeiras da Assembleia Legislativa, teremos o e- prefeito Paulo Duarte (MDB), Beatriz Cavassa (PSDB) e Chic\u00e3o Viana (Solidariedade).<\/p>\n<p>A novidade \u00e9 a possibilidade de participa\u00e7\u00e3o do Presidente do Legislativo, Evander Vendramini (PP), na disputa pela Assembleia Legislativa. O presidente tem sido sondado e tem se movimentado para se viabilizar na disputa. E deve ser a novidade no pleito. O mesmo tem \u00f3timo relacionamento com o Ex-Prefeito Paulo Duarte e com o atual Marcelo Iunes, o que deve facilitar a sua articula\u00e7\u00e3o.<\/p>\n","protected":false},"excerpt":{"rendered":"<p>Copa do Mundo Esta iniciando mais uma Copa do Mundo. Uma diferente das demais, pelos&#8230;<\/p>\n","protected":false},"author":6,"featured_media":0,"comment_status":"closed","ping_status":"closed","sticky":false,"template":"","format":"standard","meta":{"footnotes":""},"categories":[3],"tags":[],"class_list":["post-18806","post","type-post","status-publish","format-standard","hentry","category-artigo"],"_links":{"self":[{"href":"https:\/\/www.corumbaonline.com.br\/news\/wp-json\/wp\/v2\/posts\/18806","targetHints":{"allow":["GET"]}}],"collection":[{"href":"https:\/\/www.corumbaonline.com.br\/news\/wp-json\/wp\/v2\/posts"}],"about":[{"href":"https:\/\/www.corumbaonline.com.br\/news\/wp-json\/wp\/v2\/types\/post"}],"author":[{"embeddable":true,"href":"https:\/\/www.corumbaonline.com.br\/news\/wp-json\/wp\/v2\/users\/6"}],"replies":[{"embeddable":true,"href":"https:\/\/www.corumbaonline.com.br\/news\/wp-json\/wp\/v2\/comments?post=18806"}],"version-history":[{"count":1,"href":"https:\/\/www.corumbaonline.com.br\/news\/wp-json\/wp\/v2\/posts\/18806\/revisions"}],"predecessor-version":[{"id":18807,"href":"https:\/\/www.corumbaonline.com.br\/news\/wp-json\/wp\/v2\/posts\/18806\/revisions\/18807"}],"wp:attachment":[{"href":"https:\/\/www.corumbaonline.com.br\/news\/wp-json\/wp\/v2\/media?parent=18806"}],"wp:term":[{"taxonomy":"category","embeddable":true,"href":"https:\/\/www.corumbaonline.com.br\/news\/wp-json\/wp\/v2\/categories?post=18806"},{"taxonomy":"post_tag","embeddable":true,"href":"https:\/\/www.corumbaonline.com.br\/news\/wp-json\/wp\/v2\/tags?post=18806"}],"curies":[{"name":"wp","href":"https:\/\/api.w.org\/{rel}","templated":true}]}}