{"id":18877,"date":"2018-06-18T08:18:27","date_gmt":"2018-06-18T12:18:27","guid":{"rendered":"http:\/\/www.corumbaonline.com.br\/news\/?p=18877"},"modified":"2018-06-18T08:45:22","modified_gmt":"2018-06-18T12:45:22","slug":"prefeitura-de-corumba-divulga-lista-de-inscritos-para-o-curso-de-gestao-escolar","status":"publish","type":"post","link":"https:\/\/www.corumbaonline.com.br\/news\/prefeitura-de-corumba-divulga-lista-de-inscritos-para-o-curso-de-gestao-escolar\/","title":{"rendered":"Prefeitura de Corumb\u00e1 divulga lista de inscritos para o Curso de Gest\u00e3o Escolar"},"content":{"rendered":"<p>A Prefeitura de Corumb\u00e1, por meio da Comiss\u00e3o Municipal que organiza o Procedimento de Capacita\u00e7\u00e3o para Exerc\u00edcio da Fun\u00e7\u00e3o de Diretor de Escola, institu\u00edda pela Resolu\u00e7\u00e3o\/SEMED 103 de 05 de junho de 2018, no uso de suas atribui\u00e7\u00f5es legais, torna p\u00fablico para conhecimento dos interessados, a lista das inscri\u00e7\u00f5es deferidas e indeferidas que pode ser conferida por meio deste<em><strong>\u00a0<a href=\"https:\/\/sites.google.com\/site\/portaldaremecorumbams\/\" target=\"_blank\" rel=\"noopener noreferrer\">link.<\/a>\u00a0<\/strong><\/em>O curso de capacita\u00e7\u00e3o ser\u00e1 realizado no per\u00edodo de 18 a 29 de junho no audit\u00f3rio da Ag\u00eancia Portu\u00e1ria de Corumb\u00e1 das 18h30 \u00e0s 22h.<\/p>\n","protected":false},"excerpt":{"rendered":"<p>A Prefeitura de Corumb\u00e1, por meio da Comiss\u00e3o Municipal que organiza o Procedimento de Capacita\u00e7\u00e3o&#8230;<\/p>\n","protected":false},"author":1,"featured_media":0,"comment_status":"closed","ping_status":"closed","sticky":false,"template":"","format":"standard","meta":{"footnotes":""},"categories":[10],"tags":[],"class_list":["post-18877","post","type-post","status-publish","format-standard","hentry","category-educacao"],"_links":{"self":[{"href":"https:\/\/www.corumbaonline.com.br\/news\/wp-json\/wp\/v2\/posts\/18877","targetHints":{"allow":["GET"]}}],"collection":[{"href":"https:\/\/www.corumbaonline.com.br\/news\/wp-json\/wp\/v2\/posts"}],"about":[{"href":"https:\/\/www.corumbaonline.com.br\/news\/wp-json\/wp\/v2\/types\/post"}],"author":[{"embeddable":true,"href":"https:\/\/www.corumbaonline.com.br\/news\/wp-json\/wp\/v2\/users\/1"}],"replies":[{"embeddable":true,"href":"https:\/\/www.corumbaonline.com.br\/news\/wp-json\/wp\/v2\/comments?post=18877"}],"version-history":[{"count":1,"href":"https:\/\/www.corumbaonline.com.br\/news\/wp-json\/wp\/v2\/posts\/18877\/revisions"}],"predecessor-version":[{"id":18878,"href":"https:\/\/www.corumbaonline.com.br\/news\/wp-json\/wp\/v2\/posts\/18877\/revisions\/18878"}],"wp:attachment":[{"href":"https:\/\/www.corumbaonline.com.br\/news\/wp-json\/wp\/v2\/media?parent=18877"}],"wp:term":[{"taxonomy":"category","embeddable":true,"href":"https:\/\/www.corumbaonline.com.br\/news\/wp-json\/wp\/v2\/categories?post=18877"},{"taxonomy":"post_tag","embeddable":true,"href":"https:\/\/www.corumbaonline.com.br\/news\/wp-json\/wp\/v2\/tags?post=18877"}],"curies":[{"name":"wp","href":"https:\/\/api.w.org\/{rel}","templated":true}]}}