{"id":18922,"date":"2018-06-18T16:33:29","date_gmt":"2018-06-18T20:33:29","guid":{"rendered":"http:\/\/www.corumbaonline.com.br\/news\/?p=18922"},"modified":"2018-06-18T16:49:00","modified_gmt":"2018-06-18T20:49:00","slug":"fetran-teatro-inicia-seletivas-regionais-em-corumba","status":"publish","type":"post","link":"https:\/\/www.corumbaonline.com.br\/news\/fetran-teatro-inicia-seletivas-regionais-em-corumba\/","title":{"rendered":"Fetran Teatro inicia seletivas regionais em Corumb\u00e1"},"content":{"rendered":"<p>Teve in\u00edcio hoje, 18 de junho, a seletiva regional de Corumb\u00e1 e Lad\u00e1rio do 9\u00b0 Festival Estudantil Tem\u00e1tico de Tr\u00e2nsito de Mato Grosso do Su (Fetran MS \u2013Teatro). O evento, que conta com apresenta\u00e7\u00e3o de 14 pe\u00e7as teatrais de escolas municipais das duas cidades acontece no anfiteatro Salom\u00e3o Baruki.<\/p>\n<p>&nbsp;<\/p>\n<p>Pela manh\u00e3 houve apresenta\u00e7\u00e3o da Escola M.R.E. I Eutr\u00f3pia Gomes Pedroso, (categoria Infanto-Juvenil). No per\u00edodo vespertino ser\u00e1 a vez da Escola M. Almirante Tamandar\u00e9 (categoria Infantil) apresentar a dramatiza\u00e7\u00e3o. Amanh\u00e3, 19 de Junho, acontecem apresenta\u00e7\u00f5es da Escola Municipal Jos\u00e9 de Souza Damy e novamente a E.M. Almirante Tamandar\u00e9, ambas na categoria Infanto-Juvenil.<\/p>\n<p>&nbsp;<\/p>\n<p>Promover, por meio das artes c\u00eanicas, a Educa\u00e7\u00e3o para o Tr\u00e2nsito junto a estudantes do Ensino Fundamental e M\u00e9dio \u00e9 um dos principais objetivos do Projeto. O Fetran Teatro busca a forma\u00e7\u00e3o de cidad\u00e3os \u00e9ticos capazes de refletir sobre o contexto em que vivem e de atuarem como agentes transformadores para constru\u00e7\u00e3o de um tr\u00e2nsito mais seguro.<\/p>\n<p>&nbsp;<\/p>\n<p>Na avalia\u00e7\u00e3o do secret\u00e1rio municipal de Educa\u00e7\u00e3o, Genilson Canavarro de Abreu, o Fetran \u201c\u00e9 importante para trazer a consci\u00eancia do tr\u00e2nsito seguro para a educa\u00e7\u00e3o. As crian\u00e7as aprendendo, colocam em pr\u00e1tica e lembram os pais e professores. Estamos pensando num amanh\u00e3 melhor e todos n\u00f3s somos respons\u00e1veis pelo tr\u00e2nsito. Esse projeto da Pol\u00edcia Rodovi\u00e1ria Federal (PRF) traz isso, para dentro das escolas\u201d.<\/p>\n<p>&nbsp;<\/p>\n<p>A grande final ser\u00e1 entre os dias 15 a 17 de outubro, em Campo Grande, com apresenta\u00e7\u00f5es dos trabalhos finalistas das categorias Infantil, com estudantes do 1\u00b0 ao 5\u00ba ano do Ensino Fundamental e com idade a partir dos 7 anos; Infanto-Juvenil, do 6\u00ba ao 9\u00ba ano do Ensino Fundamental ou com idade entre 11 e 15 anos; Juvenil, estudantes do Ensino M\u00e9dio, incluso as modalidades EJA (Ensino de Jovens e Adultos) e tecnol\u00f3gica\/profissionalizante.<\/p>\n<p>&nbsp;<\/p>\n<p>O Festival Estudantil Tem\u00e1tico de Tr\u00e2nsito \u00e9 uma realiza\u00e7\u00e3o da Pol\u00edcia Rodovi\u00e1ria Federal (PRF) e conta com apoio da Prefeitura de Corumb\u00e1, por meio da Secretaria Municipal de Educa\u00e7\u00e3o.<\/p>\n","protected":false},"excerpt":{"rendered":"<p>Teve in\u00edcio hoje, 18 de junho, a seletiva regional de Corumb\u00e1 e Lad\u00e1rio do 9\u00b0&#8230;<\/p>\n","protected":false},"author":1,"featured_media":18923,"comment_status":"closed","ping_status":"closed","sticky":false,"template":"","format":"standard","meta":{"footnotes":""},"categories":[19],"tags":[],"class_list":["post-18922","post","type-post","status-publish","format-standard","has-post-thumbnail","hentry","category-politica"],"_links":{"self":[{"href":"https:\/\/www.corumbaonline.com.br\/news\/wp-json\/wp\/v2\/posts\/18922","targetHints":{"allow":["GET"]}}],"collection":[{"href":"https:\/\/www.corumbaonline.com.br\/news\/wp-json\/wp\/v2\/posts"}],"about":[{"href":"https:\/\/www.corumbaonline.com.br\/news\/wp-json\/wp\/v2\/types\/post"}],"author":[{"embeddable":true,"href":"https:\/\/www.corumbaonline.com.br\/news\/wp-json\/wp\/v2\/users\/1"}],"replies":[{"embeddable":true,"href":"https:\/\/www.corumbaonline.com.br\/news\/wp-json\/wp\/v2\/comments?post=18922"}],"version-history":[{"count":1,"href":"https:\/\/www.corumbaonline.com.br\/news\/wp-json\/wp\/v2\/posts\/18922\/revisions"}],"predecessor-version":[{"id":18924,"href":"https:\/\/www.corumbaonline.com.br\/news\/wp-json\/wp\/v2\/posts\/18922\/revisions\/18924"}],"wp:featuredmedia":[{"embeddable":true,"href":"https:\/\/www.corumbaonline.com.br\/news\/wp-json\/wp\/v2\/media\/18923"}],"wp:attachment":[{"href":"https:\/\/www.corumbaonline.com.br\/news\/wp-json\/wp\/v2\/media?parent=18922"}],"wp:term":[{"taxonomy":"category","embeddable":true,"href":"https:\/\/www.corumbaonline.com.br\/news\/wp-json\/wp\/v2\/categories?post=18922"},{"taxonomy":"post_tag","embeddable":true,"href":"https:\/\/www.corumbaonline.com.br\/news\/wp-json\/wp\/v2\/tags?post=18922"}],"curies":[{"name":"wp","href":"https:\/\/api.w.org\/{rel}","templated":true}]}}