{"id":19003,"date":"2018-06-20T09:56:47","date_gmt":"2018-06-20T13:56:47","guid":{"rendered":"http:\/\/www.corumbaonline.com.br\/news\/?p=19003"},"modified":"2018-06-20T10:12:17","modified_gmt":"2018-06-20T14:12:17","slug":"rosa-weber-e-eleita-presidente-do-tse-e-fala-em-disputa-acirrada","status":"publish","type":"post","link":"https:\/\/www.corumbaonline.com.br\/news\/rosa-weber-e-eleita-presidente-do-tse-e-fala-em-disputa-acirrada\/","title":{"rendered":"Rosa Weber \u00e9 eleita presidente do TSE e fala em &#8220;disputa acirrada&#8221;"},"content":{"rendered":"<p>O plen\u00e1rio do Tribunal Superior Eleitoral (TSE) elegeu hoje (19) a ministra Rosa Weber para ocupar a presid\u00eancia da Corte. A ministra j\u00e1 faz parte do tribunal e vai suceder Luix Fux no comando da Corte em agosto, quando Fux deixar\u00e1 o posto ap\u00f3s dois anos no cargo.<\/p>\n<p>Rosa Weber, que tamb\u00e9m \u00e9 ministra do Supremo Tribunal Federal (STF), vai presidir as elei\u00e7\u00f5es de outubro e dever\u00e1 ficar no cargo at\u00e9 maio de 2020 .&#8221;Eu sei da enorme responsabilidade que me aguarda neste ano de 2018, em que o pa\u00eds se encontra em meio a uma disputa t\u00e3o acirrada, com tantas divis\u00f5es\u201d, disse a ministra ap\u00f3s a vota\u00e7\u00e3o.<\/p>\n<p>A ministra nasceu em Porto Alegre e fez carreira como magistrada da Justi\u00e7a do Trabalho. O TSE \u00e9 composto por sete ministros. A presid\u00eancia \u00e9 ocupada por ordem de antiguidade entre os tr\u00eas ministros do STF que tamb\u00e9m comp\u00f5em o tribunal eleitoral. Dois ministros oriundos do Superior Tribunal de Justi\u00e7a (STJ) e dois membros da advocacia completam a composi\u00e7\u00e3o do TSE.<\/p>\n","protected":false},"excerpt":{"rendered":"<p>O plen\u00e1rio do Tribunal Superior Eleitoral (TSE) elegeu hoje (19) a ministra Rosa Weber para&#8230;<\/p>\n","protected":false},"author":1,"featured_media":19004,"comment_status":"closed","ping_status":"closed","sticky":false,"template":"","format":"standard","meta":{"footnotes":""},"categories":[19],"tags":[],"class_list":["post-19003","post","type-post","status-publish","format-standard","has-post-thumbnail","hentry","category-politica"],"_links":{"self":[{"href":"https:\/\/www.corumbaonline.com.br\/news\/wp-json\/wp\/v2\/posts\/19003","targetHints":{"allow":["GET"]}}],"collection":[{"href":"https:\/\/www.corumbaonline.com.br\/news\/wp-json\/wp\/v2\/posts"}],"about":[{"href":"https:\/\/www.corumbaonline.com.br\/news\/wp-json\/wp\/v2\/types\/post"}],"author":[{"embeddable":true,"href":"https:\/\/www.corumbaonline.com.br\/news\/wp-json\/wp\/v2\/users\/1"}],"replies":[{"embeddable":true,"href":"https:\/\/www.corumbaonline.com.br\/news\/wp-json\/wp\/v2\/comments?post=19003"}],"version-history":[{"count":1,"href":"https:\/\/www.corumbaonline.com.br\/news\/wp-json\/wp\/v2\/posts\/19003\/revisions"}],"predecessor-version":[{"id":19005,"href":"https:\/\/www.corumbaonline.com.br\/news\/wp-json\/wp\/v2\/posts\/19003\/revisions\/19005"}],"wp:featuredmedia":[{"embeddable":true,"href":"https:\/\/www.corumbaonline.com.br\/news\/wp-json\/wp\/v2\/media\/19004"}],"wp:attachment":[{"href":"https:\/\/www.corumbaonline.com.br\/news\/wp-json\/wp\/v2\/media?parent=19003"}],"wp:term":[{"taxonomy":"category","embeddable":true,"href":"https:\/\/www.corumbaonline.com.br\/news\/wp-json\/wp\/v2\/categories?post=19003"},{"taxonomy":"post_tag","embeddable":true,"href":"https:\/\/www.corumbaonline.com.br\/news\/wp-json\/wp\/v2\/tags?post=19003"}],"curies":[{"name":"wp","href":"https:\/\/api.w.org\/{rel}","templated":true}]}}