{"id":19108,"date":"2018-06-22T15:30:06","date_gmt":"2018-06-22T19:30:06","guid":{"rendered":"http:\/\/www.corumbaonline.com.br\/news\/?p=19108"},"modified":"2018-06-28T12:57:37","modified_gmt":"2018-06-28T16:57:37","slug":"analisando-9","status":"publish","type":"post","link":"https:\/\/www.corumbaonline.com.br\/news\/analisando-9\/","title":{"rendered":"Analisando&#8230;"},"content":{"rendered":"<p><strong>Brasil<\/strong><\/p>\n<p>A sele\u00e7\u00e3o canarinho sofreu duras penas para vencer a poderos\u00edssima sele\u00e7\u00e3o de Costa Rica. Neste mar de falta de imagina\u00e7\u00e3o e de qualidade a \u00fanica estrela a brilhar esta sendo a de P. Coutinho, que at\u00e9 agora vem carregando a sele\u00e7\u00e3o nas costas.<\/p>\n<p><strong>Argentina<\/strong><\/p>\n<p>J\u00e1 o nosso maior rival esta respirando com ajuda de aparelhos ap\u00f3s a Nig\u00e9ria vencer a sele\u00e7\u00e3o da Isl\u00e2ndia por 2&#215;0. Pelo visto os tempos s\u00e3o outros na nova geografia do futebol mundial.<\/p>\n<p><strong>Greve na Educa\u00e7\u00e3o<\/strong><\/p>\n<p>Os professores da rede municipal de educa\u00e7\u00e3o entraram em greve no ultimo dia 21\/06. As manifesta\u00e7\u00f5es se estenderam por todo o dia em v\u00e1rios pontos da cidade e devem continuar durante as festas de S\u00e3o Jo\u00e3o.\u00a0 Os grevistas n\u00e3o aceitaram a proposta feita pelo munic\u00edpio.<\/p>\n<p>O munic\u00edpio informa que j\u00e1 esta no limite do que pode oferecer aos professores e que n\u00e3o poder\u00e1, por exemplo, estender este aumento as demais categorias.<\/p>\n<p>J\u00e1 os grevistas questionam despesas do munic\u00edpio com servidores comissionados e com outras despesas que julgam n\u00e3o ser prioridade. A queda de bra\u00e7os deve se estender e o maior prejudicado neste cen\u00e1rio s\u00e3o os estudantes.<\/p>\n<p><strong>S\u00e3o Jo\u00e3o<\/strong><\/p>\n<p>Tamb\u00e9m teve inicio neste dia 21 o j\u00e1 nacionalmente reconhecido \u201cArrai\u00e1 do Banho de S\u00e3o Joao de Corumb\u00e1\u201d. O evento, que atrai turistas e a popula\u00e7\u00e3o as margens do rio Paraguai, este ano esta com or\u00e7amento mais modesto devido a crise econ\u00f4mica enfrentada pelo munic\u00edpio. Ainda sim n\u00e3o perdeu o seu charme e sua alegria.<\/p>\n<p><strong>Odilon<\/strong><\/p>\n<p>Ainda neste quinta feira, esteve visitando nosso munic\u00edpio o Pr\u00e9-candidato a governador pelo PDT, Odilon de Oliveira. Ele visitou r\u00e1dios e alguns estabelecimentos e finalizou o dia com uma reuni\u00e3o com simpatizantes e correligion\u00e1rios. Basicamente define seu programa de governo na \u00e9tica e no combate a corrup\u00e7\u00e3o. Importante, por\u00e9m, muito pouco pra quem precisa governar um Estado que precisa de uma r\u00e1pida diversifica\u00e7\u00e3o de sua matriz econ\u00f4mica e que esta passando por uma crise de alto impacto.<\/p>\n<p><strong>Elei\u00e7\u00f5es <\/strong><\/p>\n<p>Nos \u00faltimos dias o mundo politico em Corumb\u00e1 estava em estado de \u201cfrisson\u201d com a possibilidade de desist\u00eancia de uma das mais cotadas candidatas nas pr\u00f3ximas elei\u00e7\u00f5es. O enredo que teve cenas de drama, raiva, choro e ins\u00f4nia, parece que terminou da mesma maneira que come\u00e7ou, ou seja, sem muito barulho.<\/p>\n<p><strong>Pr\u00e9-candidatura que sobe<\/strong><\/p>\n<p>Os demais postulantes vivem momentos diferentes neste momento da pr\u00e9-campanha. Um dos postulantes esta a pleno vapor em sua busca por aumentar o numero de apoiadores de peso eleitoral, assim como expandir o numero de munic\u00edpios aonde o mesmo vai \u00e0 busca de votos para sua elei\u00e7\u00e3o. Tem conseguido apoios importantes que v\u00e3o alicer\u00e7ando seu caminho ate o Parque dos Poderes.<\/p>\n<p><strong>Pr\u00e9-candidatura que desce<\/strong><\/p>\n<p>J\u00e1 o outro, que j\u00e1 foi deputado, esta tendo dificuldades de ampliar seus apoiadores no seu ber\u00e7o eleitoral. Tamb\u00e9m n\u00e3o esta deslanchando sua campanha pelo interior do Estado como em outras \u00e9pocas, o que j\u00e1 ascendeu o sinal amarelo em seu QG.<\/p>\n<p>Dizem por ai que o candidato ter\u00e1 que provar que \u00e9 bom de voto mesmo ap\u00f3s perder seus dois maiores apoiadores (um falecido e outro rompido) e sem uma m\u00e1quina eleitoral por tr\u00e1s pela primeira vez.<\/p>\n<p>&nbsp;<\/p>\n","protected":false},"excerpt":{"rendered":"<p>Brasil A sele\u00e7\u00e3o canarinho sofreu duras penas para vencer a poderos\u00edssima sele\u00e7\u00e3o de Costa Rica&#8230;.<\/p>\n","protected":false},"author":6,"featured_media":19310,"comment_status":"closed","ping_status":"closed","sticky":false,"template":"","format":"standard","meta":{"footnotes":""},"categories":[3],"tags":[],"class_list":["post-19108","post","type-post","status-publish","format-standard","has-post-thumbnail","hentry","category-artigo"],"_links":{"self":[{"href":"https:\/\/www.corumbaonline.com.br\/news\/wp-json\/wp\/v2\/posts\/19108","targetHints":{"allow":["GET"]}}],"collection":[{"href":"https:\/\/www.corumbaonline.com.br\/news\/wp-json\/wp\/v2\/posts"}],"about":[{"href":"https:\/\/www.corumbaonline.com.br\/news\/wp-json\/wp\/v2\/types\/post"}],"author":[{"embeddable":true,"href":"https:\/\/www.corumbaonline.com.br\/news\/wp-json\/wp\/v2\/users\/6"}],"replies":[{"embeddable":true,"href":"https:\/\/www.corumbaonline.com.br\/news\/wp-json\/wp\/v2\/comments?post=19108"}],"version-history":[{"count":1,"href":"https:\/\/www.corumbaonline.com.br\/news\/wp-json\/wp\/v2\/posts\/19108\/revisions"}],"predecessor-version":[{"id":19109,"href":"https:\/\/www.corumbaonline.com.br\/news\/wp-json\/wp\/v2\/posts\/19108\/revisions\/19109"}],"wp:featuredmedia":[{"embeddable":true,"href":"https:\/\/www.corumbaonline.com.br\/news\/wp-json\/wp\/v2\/media\/19310"}],"wp:attachment":[{"href":"https:\/\/www.corumbaonline.com.br\/news\/wp-json\/wp\/v2\/media?parent=19108"}],"wp:term":[{"taxonomy":"category","embeddable":true,"href":"https:\/\/www.corumbaonline.com.br\/news\/wp-json\/wp\/v2\/categories?post=19108"},{"taxonomy":"post_tag","embeddable":true,"href":"https:\/\/www.corumbaonline.com.br\/news\/wp-json\/wp\/v2\/tags?post=19108"}],"curies":[{"name":"wp","href":"https:\/\/api.w.org\/{rel}","templated":true}]}}