{"id":19207,"date":"2018-06-25T16:00:04","date_gmt":"2018-06-25T20:00:04","guid":{"rendered":"http:\/\/www.corumbaonline.com.br\/news\/?p=19207"},"modified":"2018-06-25T15:28:51","modified_gmt":"2018-06-25T19:28:51","slug":"governador-lanca-obra-da-santa-casa-de-corumba-e-termina-com-espera-de-mais-de-40-anos","status":"publish","type":"post","link":"https:\/\/www.corumbaonline.com.br\/news\/governador-lanca-obra-da-santa-casa-de-corumba-e-termina-com-espera-de-mais-de-40-anos\/","title":{"rendered":"Governador lan\u00e7a obra da Santa Casa de Corumb\u00e1 e termina com espera de mais de 40 anos"},"content":{"rendered":"<p>Aguardada h\u00e1 mais de quatro d\u00e9cadas pela popula\u00e7\u00e3o, a reforma da Santa Casa de Corumb\u00e1 est\u00e1 prestes a sair do papel. \u00a0Nesta segunda-feira (25.6), o governador Reinaldo Azambuja visitou a Cidade Branca para entregar e lan\u00e7ar novas obras \u2013 entre elas a de reforma e amplia\u00e7\u00e3o da principal unidade de sa\u00fade da regi\u00e3o.<\/p>\n<p>Reinaldo Azambuja assinou conv\u00eanio que autoriza a transfer\u00eancia de R$ 11,9 milh\u00f5es de recursos financeiros do Estado para a prefeitura de Corumb\u00e1. O montante, dividido em seis parcelas, tamb\u00e9m ser\u00e1 investido na aquisi\u00e7\u00e3o de novos equipamentos, reativa\u00e7\u00e3o do centro obst\u00e9trico da maternidade e ativa\u00e7\u00e3o de mais leitos.<\/p>\n<p>Nas melhorias est\u00e3o previstas as constru\u00e7\u00f5es de um novo pronto socorro na esquina das ruas Am\u00e9rica e Sete de Setembro, com uma \u00e1rea f\u00edsica de 3.534,77 m\u00b2 e\u00a0estrutura para urg\u00eancia e emerg\u00eancia de toda a regi\u00e3o. A reforma do atual pr\u00e9dio do hospital inclui a constru\u00e7\u00e3o de uma recep\u00e7\u00e3o geral, que atender\u00e1 o novo complexo, al\u00e9m de mais 30 leitos. Na maternidade, o aporte estadual vai possibilitar a reestrutura\u00e7\u00e3o completa do centro obst\u00e9trico e da enfermaria.<\/p>\n<div id=\"attachment_230896\" class=\"wp-caption alignright\"><a href=\"http:\/\/www.ms.gov.br\/wp-content\/uploads\/sites\/150\/2018\/06\/IMG-20180625-WA0039.jpg\"><img loading=\"lazy\" decoding=\"async\" class=\"wp-image-230896\" src=\"http:\/\/www.ms.gov.br\/wp-content\/uploads\/sites\/150\/2018\/06\/IMG-20180625-WA0039-300x200.jpg\" sizes=\"auto, (max-width: 326px) 100vw, 326px\" srcset=\"http:\/\/www.ms.gov.br\/wp-content\/uploads\/sites\/150\/2018\/06\/IMG-20180625-WA0039-300x200.jpg 300w, http:\/\/www.ms.gov.br\/wp-content\/uploads\/sites\/150\/2018\/06\/IMG-20180625-WA0039-768x512.jpg 768w, http:\/\/www.ms.gov.br\/wp-content\/uploads\/sites\/150\/2018\/06\/IMG-20180625-WA0039-1024x682.jpg 1024w, http:\/\/www.ms.gov.br\/wp-content\/uploads\/sites\/150\/2018\/06\/IMG-20180625-WA0039.jpg 1280w\" alt=\"\" width=\"326\" height=\"217\" \/><\/a><\/p>\n<p class=\"wp-caption-text\"><em>Assinatura do prefeito de Corumb\u00e1, Marcelo Iunes.<\/em><\/p>\n<\/div>\n<p>\u201cReformar, ampliar e construir mais uma entrada e um novo pronto socorro era um anseio antigo da popula\u00e7\u00e3o corumbaense. H\u00e1 mais de 40 anos que falavam em reforma e nunca dava certo. Estamos no caminho certo, com a pessoa certa: governador Reinaldo Azambuja que nunca mediu esfor\u00e7os para ajudar em todas as \u00e1reas poss\u00edveis\u201d, destacou o prefeito Marcelo Iunes.<\/p>\n<p>Conforme o governador, o pedido para melhorias no pr\u00e9dio da Santa Casa surgiu da pr\u00f3pria comunidade. \u201cDe pronto aceitamos, a Prefeitura fez um projeto e hoje assinamos conv\u00eanio. Agora, ela vai licitar a obra e fazer uma reestrutura\u00e7\u00e3o completa, que transformar\u00e1 o pr\u00e9dio em uma nova Santa Casa. Fazemos um governo que respeita as vontades locais\u201d, afirmou.<\/p>\n<div id=\"attachment_230894\" class=\"wp-caption alignleft\"><a href=\"http:\/\/www.ms.gov.br\/wp-content\/uploads\/sites\/150\/2018\/06\/corumba_chico1.jpg\"><img loading=\"lazy\" decoding=\"async\" class=\"wp-image-230894 \" src=\"http:\/\/www.ms.gov.br\/wp-content\/uploads\/sites\/150\/2018\/06\/corumba_chico1-300x200.jpg\" sizes=\"auto, (max-width: 306px) 100vw, 306px\" srcset=\"http:\/\/www.ms.gov.br\/wp-content\/uploads\/sites\/150\/2018\/06\/corumba_chico1-300x200.jpg 300w, http:\/\/www.ms.gov.br\/wp-content\/uploads\/sites\/150\/2018\/06\/corumba_chico1-768x512.jpg 768w, http:\/\/www.ms.gov.br\/wp-content\/uploads\/sites\/150\/2018\/06\/corumba_chico1-1024x682.jpg 1024w, http:\/\/www.ms.gov.br\/wp-content\/uploads\/sites\/150\/2018\/06\/corumba_chico1.jpg 1280w\" alt=\"\" width=\"306\" height=\"204\" \/><\/a><\/p>\n<p class=\"wp-caption-text\"><em>Secret\u00e1rio de Estado de Sa\u00fade, Carlos Coimbra.<\/em><\/p>\n<\/div>\n<p>Para o secret\u00e1rio de Sa\u00fade de Corumb\u00e1, Rog\u00e9rio dos Santos Leite, a interven\u00e7\u00e3o no pr\u00e9dio contribuir\u00e1 para melhorar o atendimento \u00e0 popula\u00e7\u00e3o e a condi\u00e7\u00e3o de trabalho dos funcion\u00e1rios, \u201cbeneficiando todo o setor de sa\u00fade e dando maior poder de resolu\u00e7\u00e3o para a cidade\u201d. J\u00e1 para o secret\u00e1rio de Estado de Sa\u00fade, Carlos Coimbra, o novo hospital ainda dar\u00e1 mais \u201cdignidade a Corumb\u00e1, Lad\u00e1rio e toda a popula\u00e7\u00e3o pantaneira\u201d.<\/p>\n<p>Com o projeto pronto, a Prefeitura garante licitar a obra de imediato para os trabalhos iniciarem em tr\u00eas meses.<\/p>\n<p><b>Instrumentos cir\u00fargicos<\/b><\/p>\n<div id=\"attachment_230895\" class=\"wp-caption alignnone\"><a href=\"http:\/\/www.ms.gov.br\/wp-content\/uploads\/sites\/150\/2018\/06\/corumba_chico2.jpg\"><img loading=\"lazy\" decoding=\"async\" class=\"wp-image-230895 size-large\" src=\"http:\/\/www.ms.gov.br\/wp-content\/uploads\/sites\/150\/2018\/06\/corumba_chico2-1024x653.jpg\" sizes=\"auto, (max-width: 1024px) 100vw, 1024px\" srcset=\"http:\/\/www.ms.gov.br\/wp-content\/uploads\/sites\/150\/2018\/06\/corumba_chico2-1024x653.jpg 1024w, http:\/\/www.ms.gov.br\/wp-content\/uploads\/sites\/150\/2018\/06\/corumba_chico2-300x191.jpg 300w, http:\/\/www.ms.gov.br\/wp-content\/uploads\/sites\/150\/2018\/06\/corumba_chico2-768x490.jpg 768w, http:\/\/www.ms.gov.br\/wp-content\/uploads\/sites\/150\/2018\/06\/corumba_chico2.jpg 1280w\" alt=\"\" width=\"1024\" height=\"653\" \/><\/a><\/p>\n<p class=\"wp-caption-text\"><em>Entrega das 31 caixas cir\u00fargicas e de\u00a0um arco cir\u00fargico para atender o setor de Ortopedia da Santa Casa.<\/em><\/p>\n<\/div>\n<p>Al\u00e9m dos investimentos na rede f\u00edsica, a Sa\u00fade de Corumb\u00e1 recebeu do Governo do Estado 31 caixas cir\u00fargicas e um arco cir\u00fargico para atender o setor de Ortopedia da Santa Casa. \u201cS\u00e3o R$ 252 mil em instrumentais cir\u00fargicos. E, na semana que vem, a Secretaria de Estado de Sa\u00fade entregar\u00e1 um autom\u00f3vel zero km para o programa de melhoria da sa\u00fade do trabalhador\u201d, revelou Carlos Coimbra.<\/p>\n<p><b>Mais a\u00e7\u00f5es<\/b><\/p>\n<p>Tamb\u00e9m em Corumb\u00e1, Reinaldo Azambuja firmou parcerias que injetam recursos para melhorias em \u00e1reas como infraestrutura, saneamento, cultura e esporte. S\u00e3o eles:<\/p>\n<ul>\n<li>Transfer\u00eancia de R$ 297 mil da Fundesporte (Funda\u00e7\u00e3o de Desporto e Lazer de Mato Grosso do Sul) para realiza\u00e7\u00e3o do \u201cEco Pantanal Extremo \u2013 Jogos de Aventura\u201d;<\/li>\n<li>Repasse de R$ 330 mil para reforma da igreja matriz Nossa Senhora da Candel\u00e1ria, patrim\u00f4nio hist\u00f3rico do munic\u00edpio;<\/li>\n<li>Ordem de servi\u00e7o para in\u00edcio das obras de implanta\u00e7\u00e3o, drenagem e cascalhamento (revestimento prim\u00e1rio) dos trechos das rodovias MS-423 e MS-228 (R$ 10,4 milh\u00f5es);<\/li>\n<li>Ordem de servi\u00e7o para in\u00edcio da restaura\u00e7\u00e3o de outros 40 quil\u00f4metros da MS-228 \u2013 trecho entre o entroncamento com a BR-262 (Lampi\u00e3o Aceso\/Fazenda Alegria, subtrecho entroncamento MS-184 (Curva do Leque)\/Fazenda (R$ 7,9 milh\u00f5es);<\/li>\n<li>Autoriza\u00e7\u00e3o de licita\u00e7\u00e3o para constru\u00e7\u00e3o de tr\u00eas pontes em concreto armado e cinco galerias celulares na zona rural de Corumb\u00e1 \u2013 prolongamento da MS-243, trecho entroncamento BR-262 (Guaicurus) \/ S\u00e3o Sim\u00e3o, subtrecho Fazenda Jatob\u00e1 \u2013 Forte Coimbra (R$ 2.746.869,41 or\u00e7ados);<\/li>\n<li>Inaugura\u00e7\u00e3o da cobertura da quadra de esportes da EE Octac\u00edlio Faustino da Silva, obra de R$ 602.878,50 de investimentos, provenientes do FNDE\/MEC (R$ 541.727,06) e contrapartida do Governo do Estado (R$ 61.151,44).<\/li>\n<\/ul>\n","protected":false},"excerpt":{"rendered":"<p>Aguardada h\u00e1 mais de quatro d\u00e9cadas pela popula\u00e7\u00e3o, a reforma da Santa Casa de Corumb\u00e1&#8230;<\/p>\n","protected":false},"author":1,"featured_media":19208,"comment_status":"closed","ping_status":"closed","sticky":false,"template":"","format":"standard","meta":{"footnotes":""},"categories":[8,21],"tags":[],"class_list":["post-19207","post","type-post","status-publish","format-standard","has-post-thumbnail","hentry","category-destaque","category-saude"],"_links":{"self":[{"href":"https:\/\/www.corumbaonline.com.br\/news\/wp-json\/wp\/v2\/posts\/19207","targetHints":{"allow":["GET"]}}],"collection":[{"href":"https:\/\/www.corumbaonline.com.br\/news\/wp-json\/wp\/v2\/posts"}],"about":[{"href":"https:\/\/www.corumbaonline.com.br\/news\/wp-json\/wp\/v2\/types\/post"}],"author":[{"embeddable":true,"href":"https:\/\/www.corumbaonline.com.br\/news\/wp-json\/wp\/v2\/users\/1"}],"replies":[{"embeddable":true,"href":"https:\/\/www.corumbaonline.com.br\/news\/wp-json\/wp\/v2\/comments?post=19207"}],"version-history":[{"count":1,"href":"https:\/\/www.corumbaonline.com.br\/news\/wp-json\/wp\/v2\/posts\/19207\/revisions"}],"predecessor-version":[{"id":19209,"href":"https:\/\/www.corumbaonline.com.br\/news\/wp-json\/wp\/v2\/posts\/19207\/revisions\/19209"}],"wp:featuredmedia":[{"embeddable":true,"href":"https:\/\/www.corumbaonline.com.br\/news\/wp-json\/wp\/v2\/media\/19208"}],"wp:attachment":[{"href":"https:\/\/www.corumbaonline.com.br\/news\/wp-json\/wp\/v2\/media?parent=19207"}],"wp:term":[{"taxonomy":"category","embeddable":true,"href":"https:\/\/www.corumbaonline.com.br\/news\/wp-json\/wp\/v2\/categories?post=19207"},{"taxonomy":"post_tag","embeddable":true,"href":"https:\/\/www.corumbaonline.com.br\/news\/wp-json\/wp\/v2\/tags?post=19207"}],"curies":[{"name":"wp","href":"https:\/\/api.w.org\/{rel}","templated":true}]}}