{"id":19239,"date":"2018-06-26T10:00:14","date_gmt":"2018-06-26T14:00:14","guid":{"rendered":"http:\/\/www.corumbaonline.com.br\/news\/?p=19239"},"modified":"2018-06-26T10:16:46","modified_gmt":"2018-06-26T14:16:46","slug":"governo-autoriza-concurso-com-228-vagas-para-carreira-de-gestao-de-medidas-socioeducativas","status":"publish","type":"post","link":"https:\/\/www.corumbaonline.com.br\/news\/governo-autoriza-concurso-com-228-vagas-para-carreira-de-gestao-de-medidas-socioeducativas\/","title":{"rendered":"Governo autoriza concurso com 228 vagas para carreira de Gest\u00e3o de Medidas Socioeducativas"},"content":{"rendered":"<p>Com a presen\u00e7a dos secret\u00e1rios de Estado de Administra\u00e7\u00e3o e Desburocratiza\u00e7\u00e3o, Carlos Alberto de Assis, e o de Justi\u00e7a e Seguran\u00e7a P\u00fablica, Ant\u00f4nio Carlos Videira, gestores e representantes dos servidores das carreiras socioeducativas, o Governo do Estado, antecipou nesta segunda-feira (25), a confirma\u00e7\u00e3o para realiza\u00e7\u00e3o de concurso p\u00fablico para preenchimento de 228 vagas na carreira de Gest\u00e3o de Medidas Socioeducativas. A autoriza\u00e7\u00e3o do governador Reinaldo Azambuja ser\u00e1 publicada nos pr\u00f3ximos dias.<\/p>\n<p>Na pr\u00e1tica, ser\u00e3o 201 vagas para o cargo de Agente de Seguran\u00e7a Socioeducativa com sal\u00e1rio inicial de R$ 2.757,80. Para o cargo de Analista de Medidas Socioeducativas ser\u00e3o 11 vagas para a \u00e1rea de psicologia e 16 para \u00e1rea de servi\u00e7o social com sal\u00e1rio inicial em torno de R$ 4.879,19.<\/p>\n<div id=\"attachment_13459\" class=\"wp-caption alignright\"><a href=\"http:\/\/www.sad.ms.gov.br\/wp-content\/uploads\/sites\/5\/2018\/06\/7Z2A7081.jpg\" rel=\"attachment wp-att-13459\"><img loading=\"lazy\" decoding=\"async\" class=\"wp-image-13459 \" src=\"http:\/\/www.sad.ms.gov.br\/wp-content\/uploads\/sites\/5\/2018\/06\/7Z2A7081-300x200.jpg\" alt=\"\" width=\"412\" height=\"274\" \/><\/a><\/p>\n<p class=\"wp-caption-text\"><em>Titular da SAD, Carlos Alberto de Assis, lembrou que o Governo cumpre mais um compromisso importante com os servidores.<\/em><\/p>\n<\/div>\n<p>Mais al\u00e9m, gestores e t\u00e9cnicos aproveitaram para discutir os principais pontos da nova determina\u00e7\u00e3o que altera o n\u00edvel educacional de m\u00e9dio para superior, o requisito de escolaridade para ingresso no cargo de Agente de Seguran\u00e7a Socioeducativa, da carreira de Gest\u00e3o de Medidas Socioeducativas cujo texto ser\u00e1 enviado para Assembleia Legislativa nos pr\u00f3ximos dias. A determina\u00e7\u00e3o atende orienta\u00e7\u00e3o da Secretaria de Direitos Humanos da Presid\u00eancia da Rep\u00fablica que ap\u00f3s visita \u00e0 Unei Dom Bosco, encaminhou relat\u00f3rio propondo que o Estado reformule a Lei n\u00ba 4.894, de 2016, em conformidade com o Plano Nacional de Atendimento Socioeducativo.<\/p>\n<p>&nbsp;<\/p>\n<p>Titular da SAD, Carlos Alberto de Assis, lembrou que o Governo cumpre mais um compromisso importante com os servidores, em especial, com a Seguran\u00e7a P\u00fablica. \u201cEstamos atendendo mais uma demanda importante dessa categoria de servidores que desempenha um trabalho fundamental dentro da seguran\u00e7a p\u00fablica. Aproveito para agradecer aos servidores, e seus representantes que sempre tiveram uma postura de di\u00e1logo, de trabalho integrado. S\u00e3o grandes avan\u00e7os que fecham um ciclo positivo na Seguran\u00e7a P\u00fablica de MS\u201d, destacou o secret\u00e1rio lembrando que a Administra\u00e7\u00e3o, al\u00e9m da convoca\u00e7\u00e3o de novos servidores para Agepen encerra no primeiro semestre o concurso para reposi\u00e7\u00e3o nos quadros da Pol\u00edcia Civil, trabalha no concurso p\u00fablico para reposi\u00e7\u00e3o de 650 vagas na Pol\u00edcia Militar e Bombeiros Militares e, agora, fecha o ciclo com a reposi\u00e7\u00e3o dos servidores que desempenham fun\u00e7\u00e3o nas Uneis. \u201cS\u00e3o mais de 1.500 novos servidores s\u00f3 na Seguran\u00e7a P\u00fablica\u201d, observou.<\/p>\n<div id=\"attachment_13460\" class=\"wp-caption alignleft\"><a href=\"http:\/\/www.sad.ms.gov.br\/wp-content\/uploads\/sites\/5\/2018\/06\/7Z2A7101.jpg\" rel=\"attachment wp-att-13460\"><img loading=\"lazy\" decoding=\"async\" class=\"wp-image-13460 size-medium\" src=\"http:\/\/www.sad.ms.gov.br\/wp-content\/uploads\/sites\/5\/2018\/06\/7Z2A7101-300x200.jpg\" alt=\"\" width=\"300\" height=\"200\" \/><\/a><\/p>\n<p class=\"wp-caption-text\"><em>O secret\u00e1rio da Sejusp, Ant\u00f4nio Carlos Videira, afirma que \u00e9 uma grande conquista.<\/em><\/p>\n<\/div>\n<p>Para o secret\u00e1rio da Sejusp, Ant\u00f4nio Carlos Videira, elevar o ingresso na carreira de socieducador para n\u00edvel superior e autoriza\u00e7\u00e3o do governador Reinaldo Azambuja para realiza\u00e7\u00e3o de concurso p\u00fablico \u00e9 uma grande conquista pois atende uma antiga reivindica\u00e7\u00e3o da categoria. \u201cEsses profissionais s\u00e3o de extrema import\u00e2ncia para a Sejusp, porque atuam quando todos os outros atores falharam. Eles t\u00eam a responsabilidade de fazer com que o per\u00edodo de interna\u00e7\u00e3o n\u00e3o seja apenas um est\u00e1gio para o sistema penitenci\u00e1rio, e sim de preparar esse adolescente que dever\u00e1 voltar para a sociedade\u201d, pontuou.<\/p>\n<p>&nbsp;<\/p>\n<div id=\"attachment_13461\" class=\"wp-caption alignright\"><a href=\"http:\/\/www.sad.ms.gov.br\/wp-content\/uploads\/sites\/5\/2018\/06\/7Z2A7119.jpg\" rel=\"attachment wp-att-13461\"><img loading=\"lazy\" decoding=\"async\" class=\"wp-image-13461 \" src=\"http:\/\/www.sad.ms.gov.br\/wp-content\/uploads\/sites\/5\/2018\/06\/7Z2A7119-300x200.jpg\" alt=\"\" width=\"352\" height=\"234\" \/><\/a><\/p>\n<p class=\"wp-caption-text\"><em>A presidente do Sindsad, Lilian Fernandes, comemorou o atendimento de tr\u00eas demandas importantes.<\/em><\/p>\n<\/div>\n<p>Representando os servidores, a presidente do Sindicato dos Trabalhadores e Servidores P\u00fablicos da Administra\u00e7\u00e3o do Estado de MS (Sindsad), Lilian Fernandes, comemorou o atendimento de tr\u00eas demandas importantes, com a autoriza\u00e7\u00e3o do concurso p\u00fablico para preenchimento do quadro nas 10 unidades do Estado, a proje\u00e7\u00e3o no n\u00edvel educacional da carreira e o Plano de Cargos e Carreiras. \u201cPartindo do princ\u00edpio que nunca uma administra\u00e7\u00e3o sentou \u00e0 mesa para dialogar com os servidores, hoje, temos muito a comemorar e agradecer. Al\u00e9m do Plano de Cargos e Carreiras, a autoriza\u00e7\u00e3o do concurso para o preenchimento do quadro das 10 unidades em MS e a proje\u00e7\u00e3o do n\u00edvel de escolaridade s\u00e3o demandas importantes que valorizam a categoria e sem d\u00favida nenhuma vai motivar o servidor\u201d, garantiu.<\/p>\n<div id=\"attachment_13456\" class=\"wp-caption alignleft\"><a href=\"http:\/\/www.sad.ms.gov.br\/wp-content\/uploads\/sites\/5\/2018\/06\/7Z2A7149.jpg\" rel=\"attachment wp-att-13456\"><img loading=\"lazy\" decoding=\"async\" class=\"wp-image-13456\" src=\"http:\/\/www.sad.ms.gov.br\/wp-content\/uploads\/sites\/5\/2018\/06\/7Z2A7149.jpg\" alt=\"\" width=\"397\" height=\"288\" \/><\/a><\/p>\n<p class=\"wp-caption-text\"><em>O superintendente disse que desde 2013 a categoria n\u00e3o \u00e9 contemplada com novos servidores.<\/em><\/p>\n<\/div>\n<p>O superintendente de Assist\u00eancia Socioeducativa (SAS), Celso Ramos, agradeceu a sensibilidade do Governo do Estado pela aten\u00e7\u00e3o com os profissionais das medidas socioeducativas. \u201cEssa \u00e9 uma grande a\u00e7\u00e3o, que com certeza motiva ainda mais os nossos servidores\u201d. J\u00e1 com rela\u00e7\u00e3o ao concurso p\u00fablico, o superintendente disse que desde 2013 a categoria n\u00e3o \u00e9 contemplada com novos servidores. \u201cO novo efetivo atender\u00e1 todas as unidades educacionais, melhorando significativamente o trabalho realizado pela SAS\u201d, definiu.<\/p>\n","protected":false},"excerpt":{"rendered":"<p>Com a presen\u00e7a dos secret\u00e1rios de Estado de Administra\u00e7\u00e3o e Desburocratiza\u00e7\u00e3o, Carlos Alberto de Assis,&#8230;<\/p>\n","protected":false},"author":1,"featured_media":19240,"comment_status":"closed","ping_status":"closed","sticky":false,"template":"","format":"standard","meta":{"footnotes":""},"categories":[6],"tags":[],"class_list":["post-19239","post","type-post","status-publish","format-standard","has-post-thumbnail","hentry","category-concurso"],"_links":{"self":[{"href":"https:\/\/www.corumbaonline.com.br\/news\/wp-json\/wp\/v2\/posts\/19239","targetHints":{"allow":["GET"]}}],"collection":[{"href":"https:\/\/www.corumbaonline.com.br\/news\/wp-json\/wp\/v2\/posts"}],"about":[{"href":"https:\/\/www.corumbaonline.com.br\/news\/wp-json\/wp\/v2\/types\/post"}],"author":[{"embeddable":true,"href":"https:\/\/www.corumbaonline.com.br\/news\/wp-json\/wp\/v2\/users\/1"}],"replies":[{"embeddable":true,"href":"https:\/\/www.corumbaonline.com.br\/news\/wp-json\/wp\/v2\/comments?post=19239"}],"version-history":[{"count":1,"href":"https:\/\/www.corumbaonline.com.br\/news\/wp-json\/wp\/v2\/posts\/19239\/revisions"}],"predecessor-version":[{"id":19241,"href":"https:\/\/www.corumbaonline.com.br\/news\/wp-json\/wp\/v2\/posts\/19239\/revisions\/19241"}],"wp:featuredmedia":[{"embeddable":true,"href":"https:\/\/www.corumbaonline.com.br\/news\/wp-json\/wp\/v2\/media\/19240"}],"wp:attachment":[{"href":"https:\/\/www.corumbaonline.com.br\/news\/wp-json\/wp\/v2\/media?parent=19239"}],"wp:term":[{"taxonomy":"category","embeddable":true,"href":"https:\/\/www.corumbaonline.com.br\/news\/wp-json\/wp\/v2\/categories?post=19239"},{"taxonomy":"post_tag","embeddable":true,"href":"https:\/\/www.corumbaonline.com.br\/news\/wp-json\/wp\/v2\/tags?post=19239"}],"curies":[{"name":"wp","href":"https:\/\/api.w.org\/{rel}","templated":true}]}}