{"id":19257,"date":"2018-06-26T15:37:57","date_gmt":"2018-06-26T19:37:57","guid":{"rendered":"http:\/\/www.corumbaonline.com.br\/news\/?p=19257"},"modified":"2018-06-26T15:37:57","modified_gmt":"2018-06-26T19:37:57","slug":"durante-semana-municipal-prefeitura-anuncia-reativacao-do-conselho-antidrogas","status":"publish","type":"post","link":"https:\/\/www.corumbaonline.com.br\/news\/durante-semana-municipal-prefeitura-anuncia-reativacao-do-conselho-antidrogas\/","title":{"rendered":"Durante Semana Municipal, Prefeitura anuncia reativa\u00e7\u00e3o do Conselho Antidrogas"},"content":{"rendered":"<p>O prefeito Marcelo Iunes anunciou a reativa\u00e7\u00e3o do Conselho Municipal Antidrogas (COMAD) em Corumb\u00e1. O an\u00fancio aconteceu durante a abertura da primeira Semana Municipal Sobre Drogas, que tem como tema \u201cDrogas: a melhor estrat\u00e9gia ainda \u00e9 a preven\u00e7\u00e3o\u201d. As atividades v\u00e3o da Semana Municipal tiveram in\u00edcio em 22 de junho e v\u00e3o at\u00e9 a quinta-feira, dia 28, sempre a partir das 18h30 no Centro de Conven\u00e7\u00f5es, no Porto Geral.<\/p>\n<p>&nbsp;<\/p>\n<p>\u201cCom a reativa\u00e7\u00e3o do Conselho teremos mais uma ferramenta para trabalhar a preven\u00e7\u00e3o e o combate \u00e0s drogas. \u00c9 um refor\u00e7o para a busca de recursos estaduais e federais e promo\u00e7\u00e3o de a\u00e7\u00f5es que trabalhem o combate, orienta\u00e7\u00e3o e preven\u00e7\u00e3o \u00e0s drogas\u201d, disse o chefe do Executivo corumbaense.<\/p>\n<p>&nbsp;<\/p>\n<p>A mensagem com o projeto de Lei do Executivo Municipal reativando o COMAD foi encaminhada para aprecia\u00e7\u00e3o da C\u00e2mara Municipal de Corumb\u00e1. Na abertura da Semana Municipal Sobre Drogas, o prefeito deu posse ao presidente e vice-presidente interinos do Conselho, que s\u00e3o, respectivamente, o secret\u00e1rio Especial de Seguran\u00e7a P\u00fablica e Defesa Social, Cesar Freitas Duarte, e Reginaldo Coutinho.<\/p>\n<p>&nbsp;<\/p>\n<p>Iunes destacou ainda que a Semana Municipal, promovida pela Prefeitura por meio da Secretaria Especial de Seguran\u00e7a P\u00fablica e Defesa Social, possibilita uma discuss\u00e3o ampla e direta acerca de quest\u00f5es relacionadas ao \u201ccombate \u00e0s drogas como preveni-las, evitar e os danos que causam \u00e0s fam\u00edlias\u201d. O prefeito ressaltou o decreto n\u00b0 15.027 \u2013 datado de 18 de junho de 2018 \u2013 do Governo do Estado, que aprovou a Pol\u00edtica P\u00fablica Estadual Sobre Drogas de Mato Grosso do Sul.<\/p>\n<p>&nbsp;<\/p>\n<p>Participando do evento, a primeira-dama e secret\u00e1ria Especial de Cidadania e Direitos Humanos, Amanda Balancieri Iunes, refor\u00e7ou a import\u00e2ncia do COMAD. \u201cCom a reativa\u00e7\u00e3o do Conselho Municipal Antidrogas, a Secretaria Especial de Cidadania e Direitos Humanos poder\u00e1 contribuir consideravelmente no trabalho relacionado \u00e0s t\u00e9cnicas de reinser\u00e7\u00e3o e respeito aos direitos humanos das pessoas vitimizadas pelo uso de drogas\u201d, disse.<\/p>\n<p>&nbsp;<\/p>\n<p>\u201cO Munic\u00edpio est\u00e1 preocupado e atento \u00e0 tem\u00e1tica das drogas, quer auxiliar os \u00f3rg\u00e3os nesse problema, que na verdade \u00e9 uma epidemia. A primeira Semana Municipal Sobre Drogas busca discutir as formas de tratamento, formas de preven\u00e7\u00e3o, formas de reinser\u00e7\u00e3o social do dependente qu\u00edmico, como combater as drogas\u201d, afirmou o secret\u00e1rio Especial de Seguran\u00e7a P\u00fablica e Defesa Social, Cesar Freitas Duarte.<\/p>\n<p>&nbsp;<\/p>\n<p>A abertura da Semana Municipal, na sexta-feira, dia 22, tamb\u00e9m promoveu a entrega de certificados para pessoas e entidades que contribuem com a redu\u00e7\u00e3o dos danos causados pelas drogas. A C\u00e2mara Municipal, representada pelo vereador Andr\u00e9 da Farm\u00e1cia, entregou Mo\u00e7\u00e3o de Congratula\u00e7\u00e3o ao delegado de Pol\u00edcia Civil, Rodrigo Blonkowski, pela atua\u00e7\u00e3o no combate \u00e0s drogas na cidade.<\/p>\n<p>&nbsp;<\/p>\n<p>Tamb\u00e9m integraram a mesa de abertura da Semana Municipal, o vereador Andr\u00e9 da Farm\u00e1cia, que representou ao Legislativo Municipal; o secret\u00e1rio Municipal de Sa\u00fade, Rog\u00e9rio Leite; o comandante do CPA-3 da Pol\u00edcia Militar de Mato Grosso do Sul, coronel H\u00e9lio Gauto; e Jos\u00e9 Gilberto Rozisca, representando a Funda\u00e7\u00e3o da Cultura e do Patrim\u00f4nio Hist\u00f3rico.<\/p>\n<p>&nbsp;<\/p>\n<p>Durante o primeiro dia de evento, houve palestra da presidente do Conselho Estadual Sobre Drogas, Denise F\u00e1tima Barbosa Souza e Silva, e debate sobre o Tr\u00e1fico de Drogas e Organiza\u00e7\u00f5es Criminosas na Fronteira, conduzido pelo palestrante Gonzalo Sanchez Medina, Coronel da Pol\u00edcia Boliviana.<\/p>\n<p>&nbsp;<\/p>\n<p>Na segunda-feira, 25 de junho, foram discutidos Diminui\u00e7\u00e3o de oferta de drogas na fronteira; Combate aos narcotraficantes e controle de fronteira; Pol\u00edcia Civil \u2013 Trabalho de combate ao tr\u00e1fico de drogas.<\/p>\n<p><strong>Programa\u00e7\u00e3o<\/strong><\/p>\n<p><strong>26 de junho \u2013 18h 30<\/strong><\/p>\n<p>&nbsp;<\/p>\n<p>Palestra tema: \u201cEduca\u00e7\u00e3o, Repress\u00e3o e Preven\u00e7\u00e3o ao uso de Drogas\u201d<\/p>\n<p>Pol\u00edcia Militar \u2013 Reflexos do tr\u00e1fico de drogas na regi\u00e3o<\/p>\n<p>Palestrante: Massilon de Oliveira e Silva Neto \u2013 Ten. Cel. PM<\/p>\n<p>Cmt. 6\u00ba Batalh\u00e3o de Pol\u00edcia Militar \u2013 Corumb\u00e1 MS<\/p>\n<p>Secretaria de Educa\u00e7\u00e3o \u2013 Drogas nas Escolas<\/p>\n<p>Palestrante: Maria do Carmo Provenzano<\/p>\n<p>Secret\u00e1ria Adjunta da Secretaria de Educa\u00e7\u00e3o<\/p>\n<p>7\u00ba Promotoria de Justi\u00e7a de Corumb\u00e1 \u2013 Drogas na Inf\u00e2ncia e Adolesc\u00eancia<\/p>\n<p>Palestrante: Ludmila de Paula Castro Silva<\/p>\n<p>Promotora de Justi\u00e7a<\/p>\n<p>SESPDS \u2013 Preven\u00e7\u00e3o ao uso de drogas.<\/p>\n<p>Palestrante: Cesar Freitas Duarte<\/p>\n<p>Secret\u00e1rio de Seguran\u00e7a P\u00fablica e Defesa Social<\/p>\n<p>Mediador: Roberto Ajala Lins \u2013 OAB\/UFMS<\/p>\n<p>&nbsp;<\/p>\n<p><strong>27 de junho \u2013 18h 30<\/strong><\/p>\n<p>&nbsp;<\/p>\n<p>Palestra: Legisla\u00e7\u00e3o Antidrogas \u2013 Mesa Redonda<\/p>\n<p>Palestrantes:<\/p>\n<p>Dr. Deyvis Ecco \u2013 Juiz Titular da 1\u00aa Vara Criminal<\/p>\n<p>Dr. Emerson Ricardo Fernandes \u2013 Juiz Titular da Vara Especial C\u00edvel e Criminal<\/p>\n<p>Dr. Luciano Bordignon Conte \u2013 5\u00ba Promotoria de Justi\u00e7a<\/p>\n<p>Dr. Luiz Gonzaga \u2013 Advogado \u2013 Faculdade Salesiana de Santa Teresa<\/p>\n<p>Mediador: Roberto Ajala Lins \u2013 OAB\/UFMS<\/p>\n<p>&nbsp;<\/p>\n<p><strong>28 de junho \u2013 18h 30<\/strong><\/p>\n<p>&nbsp;<\/p>\n<p>Palestra: Danos Causados \u00e0 Sa\u00fade, Tratamento e Direitos Humanos \u2013 Mesa Redonda<\/p>\n<p>Palestrantes:<\/p>\n<p>Dr. Juberty Ant\u00f4nio de Souza M\u00e9dico<\/p>\n<p>Psiquiatra<\/p>\n<p>Dr. Bruno Marini UFMS<\/p>\n<p>Silvia Seg\u00f3via Ara\u00fajo Freire \u2013 Psic\u00f3loga Caps Ad<\/p>\n<p>Daianny Garcia do Nascimento \u2013 Psic\u00f3loga e Coordenadora do Caps Infantil<\/p>\n<p>Mediadora: Lidiane de Brito Curto UFMS<\/p>\n","protected":false},"excerpt":{"rendered":"<p>O prefeito Marcelo Iunes anunciou a reativa\u00e7\u00e3o do Conselho Municipal Antidrogas (COMAD) em Corumb\u00e1. O&#8230;<\/p>\n","protected":false},"author":1,"featured_media":19258,"comment_status":"closed","ping_status":"closed","sticky":false,"template":"","format":"standard","meta":{"footnotes":""},"categories":[8,14],"tags":[],"class_list":["post-19257","post","type-post","status-publish","format-standard","has-post-thumbnail","hentry","category-destaque","category-geral"],"_links":{"self":[{"href":"https:\/\/www.corumbaonline.com.br\/news\/wp-json\/wp\/v2\/posts\/19257","targetHints":{"allow":["GET"]}}],"collection":[{"href":"https:\/\/www.corumbaonline.com.br\/news\/wp-json\/wp\/v2\/posts"}],"about":[{"href":"https:\/\/www.corumbaonline.com.br\/news\/wp-json\/wp\/v2\/types\/post"}],"author":[{"embeddable":true,"href":"https:\/\/www.corumbaonline.com.br\/news\/wp-json\/wp\/v2\/users\/1"}],"replies":[{"embeddable":true,"href":"https:\/\/www.corumbaonline.com.br\/news\/wp-json\/wp\/v2\/comments?post=19257"}],"version-history":[{"count":1,"href":"https:\/\/www.corumbaonline.com.br\/news\/wp-json\/wp\/v2\/posts\/19257\/revisions"}],"predecessor-version":[{"id":19259,"href":"https:\/\/www.corumbaonline.com.br\/news\/wp-json\/wp\/v2\/posts\/19257\/revisions\/19259"}],"wp:featuredmedia":[{"embeddable":true,"href":"https:\/\/www.corumbaonline.com.br\/news\/wp-json\/wp\/v2\/media\/19258"}],"wp:attachment":[{"href":"https:\/\/www.corumbaonline.com.br\/news\/wp-json\/wp\/v2\/media?parent=19257"}],"wp:term":[{"taxonomy":"category","embeddable":true,"href":"https:\/\/www.corumbaonline.com.br\/news\/wp-json\/wp\/v2\/categories?post=19257"},{"taxonomy":"post_tag","embeddable":true,"href":"https:\/\/www.corumbaonline.com.br\/news\/wp-json\/wp\/v2\/tags?post=19257"}],"curies":[{"name":"wp","href":"https:\/\/api.w.org\/{rel}","templated":true}]}}