{"id":19270,"date":"2018-06-27T09:05:21","date_gmt":"2018-06-27T13:05:21","guid":{"rendered":"http:\/\/www.corumbaonline.com.br\/news\/?p=19270"},"modified":"2018-06-27T10:04:59","modified_gmt":"2018-06-27T14:04:59","slug":"encontro-multiprofissional-discute-doenca-falciforme-nos-dias-28-e-29-de-junho","status":"publish","type":"post","link":"https:\/\/www.corumbaonline.com.br\/news\/encontro-multiprofissional-discute-doenca-falciforme-nos-dias-28-e-29-de-junho\/","title":{"rendered":"Encontro multiprofissional discute doen\u00e7a falciforme nos dias 28 e 29 de junho"},"content":{"rendered":"<p>Corumb\u00e1 sedia nos dias 28 e 29 de junho o \u201cEncontro Multiprofissional \u2013 Doen\u00e7a Falciforme: Linha de Cuidado\u201d. Promovido pelo Minist\u00e9rio da Sa\u00fade, o evento ser\u00e1 uma capacita\u00e7\u00e3o para os profissionais de sa\u00fade da urg\u00eancia e emerg\u00eancia. Realizado pela Prefeitura de Corumb\u00e1, por meio da Secretaria Municipal de Sa\u00fade em parceria com a Associa\u00e7\u00e3o Corumbaense de Pessoas com Doen\u00e7a Falciforme (ACODFAL), o encontro ser\u00e1 no audit\u00f3rio da Embrapa Pantanal das 08h \u00e0s 11h30 e das 14h \u00e0s 17h30.<\/p>\n","protected":false},"excerpt":{"rendered":"<p>Corumb\u00e1 sedia nos dias 28 e 29 de junho o \u201cEncontro Multiprofissional \u2013 Doen\u00e7a Falciforme:&#8230;<\/p>\n","protected":false},"author":1,"featured_media":0,"comment_status":"closed","ping_status":"closed","sticky":false,"template":"","format":"standard","meta":{"footnotes":""},"categories":[21],"tags":[],"class_list":["post-19270","post","type-post","status-publish","format-standard","hentry","category-saude"],"_links":{"self":[{"href":"https:\/\/www.corumbaonline.com.br\/news\/wp-json\/wp\/v2\/posts\/19270","targetHints":{"allow":["GET"]}}],"collection":[{"href":"https:\/\/www.corumbaonline.com.br\/news\/wp-json\/wp\/v2\/posts"}],"about":[{"href":"https:\/\/www.corumbaonline.com.br\/news\/wp-json\/wp\/v2\/types\/post"}],"author":[{"embeddable":true,"href":"https:\/\/www.corumbaonline.com.br\/news\/wp-json\/wp\/v2\/users\/1"}],"replies":[{"embeddable":true,"href":"https:\/\/www.corumbaonline.com.br\/news\/wp-json\/wp\/v2\/comments?post=19270"}],"version-history":[{"count":1,"href":"https:\/\/www.corumbaonline.com.br\/news\/wp-json\/wp\/v2\/posts\/19270\/revisions"}],"predecessor-version":[{"id":19271,"href":"https:\/\/www.corumbaonline.com.br\/news\/wp-json\/wp\/v2\/posts\/19270\/revisions\/19271"}],"wp:attachment":[{"href":"https:\/\/www.corumbaonline.com.br\/news\/wp-json\/wp\/v2\/media?parent=19270"}],"wp:term":[{"taxonomy":"category","embeddable":true,"href":"https:\/\/www.corumbaonline.com.br\/news\/wp-json\/wp\/v2\/categories?post=19270"},{"taxonomy":"post_tag","embeddable":true,"href":"https:\/\/www.corumbaonline.com.br\/news\/wp-json\/wp\/v2\/tags?post=19270"}],"curies":[{"name":"wp","href":"https:\/\/api.w.org\/{rel}","templated":true}]}}