{"id":19280,"date":"2018-06-28T08:21:38","date_gmt":"2018-06-28T12:21:38","guid":{"rendered":"http:\/\/www.corumbaonline.com.br\/news\/?p=19280"},"modified":"2018-06-28T08:39:23","modified_gmt":"2018-06-28T12:39:23","slug":"sesi-esta-com-inscricoes-abertas-para-credenciamento-de-prestadores-de-servicos","status":"publish","type":"post","link":"https:\/\/www.corumbaonline.com.br\/news\/sesi-esta-com-inscricoes-abertas-para-credenciamento-de-prestadores-de-servicos\/","title":{"rendered":"Sesi est\u00e1 com inscri\u00e7\u00f5es abertas para credenciamento de prestadores de servi\u00e7os"},"content":{"rendered":"<p>O Sesi de Mato Grosso do Sul est\u00e1 com inscri\u00e7\u00f5es abertas para credenciamento de prestadores de servi\u00e7o especialistas em educa\u00e7\u00e3o, sa\u00fade, SST (Sa\u00fade e Seguran\u00e7a do Trabalho) e \u00e9tica e responsabilidade social para ministrarem atividades educativas, como cursos e treinamentos. Tamb\u00e9m est\u00e3o abertas as inscri\u00e7\u00f5es para credenciados da \u00e1rea de administra\u00e7\u00e3o e economia para presta\u00e7\u00e3o de servi\u00e7os de consultoria empresarial.<\/p>\n<p>&nbsp;<\/p>\n<p>Os interessados podem se cadastrar at\u00e9 31 de dezembro de 2019 pelo site<strong><a href=\"http:\/\/www.sesims.com.br\/credenciamento\">www.sesims.com.br\/credenciamento<\/a><\/strong>. Os contratos ter\u00e3o prazo determinado e os profissionais credenciados integrar\u00e3o o cadastro de fornecedores do Sesi, de acordo com suas habilita\u00e7\u00f5es, podendo ser chamados para prestar servi\u00e7os quando houver demanda.<\/p>\n<p>&nbsp;<\/p>\n<p>Al\u00e9m disso, o credenciamento n\u00e3o gera para os habilitados qualquer direito de contrata\u00e7\u00e3o e v\u00ednculo empregat\u00edcio e tem como objetivo a constru\u00e7\u00e3o de um banco de credenciados para presta\u00e7\u00e3o de servi\u00e7os. Podem se credenciar m\u00e9dicos, enfermeiros, fisioterapeutas, psic\u00f3logos, engenheiros, arquitetos com especializa\u00e7\u00e3o em engenharia de seguran\u00e7a no trabalho e t\u00e9cnicos de seguran\u00e7a do trabalho como prestadores de servi\u00e7os para atividades educativas, como cursos e treinamentos.<\/p>\n<p>&nbsp;<\/p>\n<p>Profissionais da \u00e1rea de administra\u00e7\u00e3o e economia ou \u00e1reas correlatas poder\u00e3o se credenciar para presta\u00e7\u00e3o de servi\u00e7os de consultoria empresarial por meio da realiza\u00e7\u00e3o de diagn\u00f3sticos t\u00e9cnicos, constru\u00e7\u00e3o e acompanhamento de planos de a\u00e7\u00e3o e apresenta\u00e7\u00e3o de resultados, conforme metodologia j\u00e1 estabelecida pelo Sesi.<\/p>\n<p>&nbsp;<\/p>\n<p>O credenciamento \u00e9 aberto a pessoas jur\u00eddicas e f\u00edsicas aut\u00f4nomas que comprovem habilita\u00e7\u00e3o profissional, qualifica\u00e7\u00e3o t\u00e9cnica e regularidade fiscal. Profissionais ou t\u00e9cnicos em SST tamb\u00e9m dever\u00e3o apresentar as documenta\u00e7\u00f5es descritas nas Normas Regulamentadoras da \u00e1rea. Com rela\u00e7\u00e3o aos credenciados para cursos e treinamentos, todos os interessados, independente da \u00e1rea t\u00e9cnica e profissional, passar\u00e3o pelas etapas eliminat\u00f3rias de an\u00e1lise de valida\u00e7\u00e3o de documenta\u00e7\u00e3o, forma\u00e7\u00e3o did\u00e1tica em curso de EaD (Educa\u00e7\u00e3o a Dist\u00e2ncia) e banca examinadora, com demonstra\u00e7\u00e3o t\u00e9cnica ou aula simulada.<\/p>\n<p>&nbsp;<\/p>\n<p>No caso de pessoa jur\u00eddica, \u00e9 necess\u00e1rio anexar o certificado de inscri\u00e7\u00e3o ou registro profissional no Conselho Regional da Classe; ato constitutivo, contrato social em\u00a0 vig\u00eancia e altera\u00e7\u00f5es e documento probat\u00f3rio do quadro societ\u00e1rio ou da diretoria em exerc\u00edcio, todos registrados na Junta Comercial ou no Cart\u00f3rio de Registro de Pessoas Jur\u00eddicas; comprovante de inscri\u00e7\u00e3o no CNPJ (Cadastro Nacional de Pessoal Jur\u00eddica), emitido no site da Receita Federal; certid\u00e3o conjunta de d\u00e9bitos relativos a tributos federais e \u00e0 d\u00edvida ativa da Uni\u00e3o, emitida no site da Receita Federal; certid\u00e3o de regularidade para com a Fazenda Estadual, atrav\u00e9s da Certid\u00e3o Tribut\u00e1ria, emitida pela Secretaria de Fazenda do Estado de MS; certid\u00e3o de regularidade para com a Fazenda Municipal, atrav\u00e9s da Certid\u00e3o de D\u00e9bito, emitida pela Secretaria Municipal da Receita;\u00a0 CRF (Certificado de Regularidade de Situa\u00e7\u00e3o), emitido pela Caixa Econ\u00f4mica Federal com rela\u00e7\u00e3o ao Fundo de Garantia por Tempo de Servi\u00e7o; alvar\u00e1 de funcionamento da empresa, bem como licen\u00e7a sanit\u00e1ria e ambiental; informar o banco, a ag\u00eancia e a conta corrente em nome da pessoa jur\u00eddica.<\/p>\n<p>&nbsp;<\/p>\n<p>J\u00e1 no caso de pessoa f\u00edsica, \u00e9 necess\u00e1rio anexar c\u00f3pias da c\u00e9dula de identidade, da CNH (Carteira Nacional de Habilita\u00e7\u00e3o), CPF, certificado de inscri\u00e7\u00e3o ou registro no Conselho Regional da Classe, minicurr\u00edculo, uma referencial atestada de experi\u00eancia na \u00e1rea de atua\u00e7\u00e3o, declara\u00e7\u00e3o ou atestado de capacidade t\u00e9cnica expedido por pessoa jur\u00eddica de direito p\u00fablico ou privado que conste que o interessado est\u00e1 executando ou executou nos \u00faltimos tr\u00eas anos servi\u00e7os pertinentes e compat\u00edveis com sua forma\u00e7\u00e3o, certid\u00e3o negativa de processos criminais da Justi\u00e7a Federal, certid\u00e3o negativa de processos criminais da Justi\u00e7a Estadual, prova de inscri\u00e7\u00e3o no PIS (Programa de Integra\u00e7\u00e3o Social) ou NIT (N\u00famero de Inscri\u00e7\u00e3o do Trabalhador), comprovante de conta banc\u00e1ria pessoa f\u00edsica aberta em nome do solicitante, informar o banco, a ag\u00eancia e a conta corrente em nome do credenciado.<\/p>\n","protected":false},"excerpt":{"rendered":"<p>O Sesi de Mato Grosso do Sul est\u00e1 com inscri\u00e7\u00f5es abertas para credenciamento de prestadores&#8230;<\/p>\n","protected":false},"author":1,"featured_media":0,"comment_status":"closed","ping_status":"closed","sticky":false,"template":"","format":"standard","meta":{"footnotes":""},"categories":[14],"tags":[],"class_list":["post-19280","post","type-post","status-publish","format-standard","hentry","category-geral"],"_links":{"self":[{"href":"https:\/\/www.corumbaonline.com.br\/news\/wp-json\/wp\/v2\/posts\/19280","targetHints":{"allow":["GET"]}}],"collection":[{"href":"https:\/\/www.corumbaonline.com.br\/news\/wp-json\/wp\/v2\/posts"}],"about":[{"href":"https:\/\/www.corumbaonline.com.br\/news\/wp-json\/wp\/v2\/types\/post"}],"author":[{"embeddable":true,"href":"https:\/\/www.corumbaonline.com.br\/news\/wp-json\/wp\/v2\/users\/1"}],"replies":[{"embeddable":true,"href":"https:\/\/www.corumbaonline.com.br\/news\/wp-json\/wp\/v2\/comments?post=19280"}],"version-history":[{"count":1,"href":"https:\/\/www.corumbaonline.com.br\/news\/wp-json\/wp\/v2\/posts\/19280\/revisions"}],"predecessor-version":[{"id":19281,"href":"https:\/\/www.corumbaonline.com.br\/news\/wp-json\/wp\/v2\/posts\/19280\/revisions\/19281"}],"wp:attachment":[{"href":"https:\/\/www.corumbaonline.com.br\/news\/wp-json\/wp\/v2\/media?parent=19280"}],"wp:term":[{"taxonomy":"category","embeddable":true,"href":"https:\/\/www.corumbaonline.com.br\/news\/wp-json\/wp\/v2\/categories?post=19280"},{"taxonomy":"post_tag","embeddable":true,"href":"https:\/\/www.corumbaonline.com.br\/news\/wp-json\/wp\/v2\/tags?post=19280"}],"curies":[{"name":"wp","href":"https:\/\/api.w.org\/{rel}","templated":true}]}}