{"id":19284,"date":"2018-06-28T08:37:24","date_gmt":"2018-06-28T12:37:24","guid":{"rendered":"http:\/\/www.corumbaonline.com.br\/news\/?p=19284"},"modified":"2018-06-28T08:48:05","modified_gmt":"2018-06-28T12:48:05","slug":"estudantes-selecionados-no-sisu-tem-ate-hoje-para-fazer-matricula","status":"publish","type":"post","link":"https:\/\/www.corumbaonline.com.br\/news\/estudantes-selecionados-no-sisu-tem-ate-hoje-para-fazer-matricula\/","title":{"rendered":"Estudantes selecionados no Sisu t\u00eam at\u00e9 hoje para fazer matr\u00edcula"},"content":{"rendered":"<p>Termina hoje (28) o prazo de matr\u00edcula dos estudantes que foram selecionados na chamada regular do Sistema de Sele\u00e7\u00e3o Unificada (Sisu). O resultado est\u00e1 dispon\u00edvel na\u00a0<a href=\"http:\/\/http\/\/sisu.mec.gov.br\/\" target=\"_blank\" rel=\"noopener noreferrer\">p\u00e1gina do programa<\/a>. Aqueles que foram aprovados devem ficar atentos aos dias, hor\u00e1rios e locais definidos por cada institui\u00e7\u00e3o de ensino.<\/p>\n<p>O Sisu oferece vagas no ensino superior, em institui\u00e7\u00f5es p\u00fablicas. Nesta edi\u00e7\u00e3o, o programa oferece 57.271 vagas, em 68 institui\u00e7\u00f5es p\u00fablicas de ensino superior em todo o pa\u00eds. Puderam se inscrever os estudantes que fizeram o Exame Nacional do Ensino M\u00e9dio (Enem) em 2017 e obtiveram nota acima de zero na reda\u00e7\u00e3o.<\/p>\n<p>As vagas ser\u00e3o oferecidas no segundo semestre deste ano em oito institui\u00e7\u00f5es p\u00fablicas estaduais, uma faculdade p\u00fablica municipal e 59 institui\u00e7\u00f5es p\u00fablicas federais, com dois centros de Educa\u00e7\u00e3o Tecnol\u00f3gica, 27 institutos federais de Educa\u00e7\u00e3o, Ci\u00eancia e Tecnologia e 30 universidades.<\/p>\n<p>Ontem (27) terminou o prazo para que os estudantes que n\u00e3o foram selecionados na chamada regular participassem da lista de espera. A convoca\u00e7\u00e3o desses candidatos ser\u00e1 de 3 de julho a 21 de agosto.<\/p>\n","protected":false},"excerpt":{"rendered":"<p>Termina hoje (28) o prazo de matr\u00edcula dos estudantes que foram selecionados na chamada regular&#8230;<\/p>\n","protected":false},"author":1,"featured_media":0,"comment_status":"closed","ping_status":"closed","sticky":false,"template":"","format":"standard","meta":{"footnotes":""},"categories":[10],"tags":[],"class_list":["post-19284","post","type-post","status-publish","format-standard","hentry","category-educacao"],"_links":{"self":[{"href":"https:\/\/www.corumbaonline.com.br\/news\/wp-json\/wp\/v2\/posts\/19284","targetHints":{"allow":["GET"]}}],"collection":[{"href":"https:\/\/www.corumbaonline.com.br\/news\/wp-json\/wp\/v2\/posts"}],"about":[{"href":"https:\/\/www.corumbaonline.com.br\/news\/wp-json\/wp\/v2\/types\/post"}],"author":[{"embeddable":true,"href":"https:\/\/www.corumbaonline.com.br\/news\/wp-json\/wp\/v2\/users\/1"}],"replies":[{"embeddable":true,"href":"https:\/\/www.corumbaonline.com.br\/news\/wp-json\/wp\/v2\/comments?post=19284"}],"version-history":[{"count":1,"href":"https:\/\/www.corumbaonline.com.br\/news\/wp-json\/wp\/v2\/posts\/19284\/revisions"}],"predecessor-version":[{"id":19285,"href":"https:\/\/www.corumbaonline.com.br\/news\/wp-json\/wp\/v2\/posts\/19284\/revisions\/19285"}],"wp:attachment":[{"href":"https:\/\/www.corumbaonline.com.br\/news\/wp-json\/wp\/v2\/media?parent=19284"}],"wp:term":[{"taxonomy":"category","embeddable":true,"href":"https:\/\/www.corumbaonline.com.br\/news\/wp-json\/wp\/v2\/categories?post=19284"},{"taxonomy":"post_tag","embeddable":true,"href":"https:\/\/www.corumbaonline.com.br\/news\/wp-json\/wp\/v2\/tags?post=19284"}],"curies":[{"name":"wp","href":"https:\/\/api.w.org\/{rel}","templated":true}]}}