{"id":19286,"date":"2018-06-28T08:46:46","date_gmt":"2018-06-28T12:46:46","guid":{"rendered":"http:\/\/www.corumbaonline.com.br\/news\/?p=19286"},"modified":"2018-06-28T11:54:35","modified_gmt":"2018-06-28T15:54:35","slug":"mato-grosso-do-sul-zera-deficit-de-delegados-com-nomeacao-dos-aprovados-em-concurso","status":"publish","type":"post","link":"https:\/\/www.corumbaonline.com.br\/news\/mato-grosso-do-sul-zera-deficit-de-delegados-com-nomeacao-dos-aprovados-em-concurso\/","title":{"rendered":"Mato Grosso do Sul zera d\u00e9ficit de delegados com nomea\u00e7\u00e3o dos aprovados em concurso"},"content":{"rendered":"<p>A nomea\u00e7\u00e3o de 72 novos delegados vai acabar com o d\u00e9ficit desses profissionais e refor\u00e7ar a seguran\u00e7a p\u00fablica no interior de Mato Grosso do Sul. O objetivo \u00e9 refor\u00e7ar a seguran\u00e7a na faixa de fronteira e tamb\u00e9m a preven\u00e7\u00e3o da viol\u00eancia contra mulheres, crian\u00e7as e adolescentes.<\/p>\n<div id=\"attachment_230981\" class=\"wp-caption alignright\"><img loading=\"lazy\" decoding=\"async\" class=\"wp-image-230981\" src=\"http:\/\/www.ms.gov.br\/wp-content\/uploads\/sites\/150\/2018\/06\/marcelo_secreta-300x200.jpg\" sizes=\"auto, (max-width: 279px) 100vw, 279px\" srcset=\"http:\/\/www.ms.gov.br\/wp-content\/uploads\/sites\/150\/2018\/06\/marcelo_secreta-300x200.jpg 300w, http:\/\/www.ms.gov.br\/wp-content\/uploads\/sites\/150\/2018\/06\/marcelo_secreta-768x512.jpg 768w, http:\/\/www.ms.gov.br\/wp-content\/uploads\/sites\/150\/2018\/06\/marcelo_secreta-1024x682.jpg 1024w\" alt=\"\" width=\"279\" height=\"186\" \/><\/p>\n<p class=\"wp-caption-text\"><em>Delegado-geral da PCMS, Marcelo Vargas.<\/em><\/p>\n<\/div>\n<p>O delegado-geral da Pol\u00edcia Civil de Mato Grosso do Sul, Marcelo Vargas, explica que todos os 72 alunos que integram o 8\u00ba Curso de Forma\u00e7\u00e3o de Delegados da Pol\u00edcia Civil ser\u00e3o lotados para o interior do Estado. A prioridade \u00e9 transferi-los para as 27 cidades que n\u00e3o possuem delegados. Os munic\u00edpios que possuem apenas um delegado tamb\u00e9m ir\u00e3o receber um segundo integrante.<\/p>\n<p>A presen\u00e7a dos delegados tem a inten\u00e7\u00e3o de refor\u00e7ar a seguran\u00e7a p\u00fablica no Estado. \u201cA presen\u00e7a de um delegado no munic\u00edpio tem impacto na refer\u00eancia de justi\u00e7a da popula\u00e7\u00e3o. S\u00f3 a preven\u00e7\u00e3o por si s\u00f3 n\u00e3o consegue inibir o crime. A gente s\u00f3 consegue formalizar os atos da pol\u00edcia judici\u00e1ria com a presen\u00e7a do delegado. Nas cidades que n\u00e3o possuem delegados \u00e9 necess\u00e1rio que a Pol\u00edcia Militar se desloque para o munic\u00edpio vizinho\u201d, diz.<\/p>\n<div id=\"attachment_162602\" class=\"wp-caption alignleft\"><img loading=\"lazy\" decoding=\"async\" class=\"wp-image-162602 \" src=\"http:\/\/www.ms.gov.br\/wp-content\/uploads\/sites\/150\/2017\/09\/caravina-300x166.jpg\" sizes=\"auto, (max-width: 284px) 100vw, 284px\" srcset=\"http:\/\/www.ms.gov.br\/wp-content\/uploads\/sites\/150\/2017\/09\/caravina-300x166.jpg 300w, http:\/\/www.ms.gov.br\/wp-content\/uploads\/sites\/150\/2017\/09\/caravina-768x425.jpg 768w, http:\/\/www.ms.gov.br\/wp-content\/uploads\/sites\/150\/2017\/09\/caravina-1024x567.jpg 1024w\" alt=\"\" width=\"284\" height=\"157\" \/><\/p>\n<p class=\"wp-caption-text\"><em>Presidente da Assomasul, Pedro Caravina. Foto: Edemir Rodrigues<\/em><\/p>\n<\/div>\n<p>Para o presidente da Associa\u00e7\u00e3o dos Munic\u00edpios de Mato Grosso do Sul (Assomasul), Pedro Caravina, o novo efetivo ser\u00e1 um refor\u00e7o aos munic\u00edpios que est\u00e3o sem delegado de pol\u00edcia ou que precisam da amplia\u00e7\u00e3o do quadro. \u201cA designa\u00e7\u00e3o dos novos delegados \u00e9 muito aguardada. A gente destaca a decis\u00e3o do governador Reinaldo Azambuja, mesmo em um per\u00edodo dif\u00edcil, ter a atitude de nome\u00e1-los e contemplar os munic\u00edpios\u201d, declara.<\/p>\n<p>Dos 72 delegados, 15 s\u00e3o mulheres. Segundo o delegado-geral, as delegadas ir\u00e3o para munic\u00edpios com o objetivo de refor\u00e7ar o combate a crimes contra as mulheres e tamb\u00e9m contra crian\u00e7as e adolescentes. As delegacias tamb\u00e9m ir\u00e3o receber o projeto Sala Lil\u00e1s, em parceria com a Subsecretaria de Estado de Pol\u00edticas P\u00fablicas para Mulheres. A sala Lil\u00e1s \u00e9 um ambiente preparado para atender mulheres, adolescentes e crian\u00e7as de forma exclusiva.<\/p>\n<p>A seguran\u00e7a nos mun\u00edcios da faixa de fronteira tamb\u00e9m ser\u00e1 refor\u00e7ada com a presen\u00e7a de aproximadamente 30 delegados. \u201cTodos os munic\u00edpios da faixa de fronteira v\u00e3o ter refor\u00e7o nos atendimentos das delegacias. Com isso, vamos melhorar a elucida\u00e7\u00e3o de homic\u00eddios na regi\u00e3o de fronteira, que s\u00e3o relacionados ao tr\u00e1fico de drogas\u201d, afirma Vargas.<\/p>\n<p><strong>Treinamento intenso e foco em um novo perfil da Seguran\u00e7a P\u00fablica<\/strong><\/p>\n<p>O 8\u00ba Curso de Forma\u00e7\u00e3o dos novos delegados da PCMS teve in\u00edcio em abril, com dura\u00e7\u00e3o de 600 horas de aulas em regime integral de segunda-feira a domingo, inclusive nos feriados, com os tr\u00eas turnos e a oferta de aulas te\u00f3ricas, pr\u00e1ticas, operacionais e est\u00e1gio supervisionado. A turma \u00e9 formada por graduados em Direito, aprovados no \u00faltimo concurso (2017) e vindos de 14 estados.<\/p>\n<div id=\"attachment_230977\" class=\"wp-caption alignright\"><a href=\"http:\/\/www.ms.gov.br\/wp-content\/uploads\/sites\/150\/2018\/06\/Maria-de-Lourdes.jpg\"><img loading=\"lazy\" decoding=\"async\" class=\"wp-image-230977\" src=\"http:\/\/www.ms.gov.br\/wp-content\/uploads\/sites\/150\/2018\/06\/Maria-de-Lourdes-300x166.jpg\" sizes=\"auto, (max-width: 376px) 100vw, 376px\" srcset=\"http:\/\/www.ms.gov.br\/wp-content\/uploads\/sites\/150\/2018\/06\/Maria-de-Lourdes-300x166.jpg 300w, http:\/\/www.ms.gov.br\/wp-content\/uploads\/sites\/150\/2018\/06\/Maria-de-Lourdes-768x425.jpg 768w, http:\/\/www.ms.gov.br\/wp-content\/uploads\/sites\/150\/2018\/06\/Maria-de-Lourdes-1024x567.jpg 1024w\" alt=\"\" width=\"376\" height=\"208\" \/><\/a><\/p>\n<p class=\"wp-caption-text\"><em>Delegada e diretora da Acadepol, Maria de Lourdes Cano.<\/em><\/p>\n<\/div>\n<p>A delegada e diretora da Academia de Pol\u00edcia Civil (Acadepol), Maria de Lourdes Cano, destaca que durante o curso \u00e9 refor\u00e7ado o papel da pol\u00edcia comunit\u00e1ria e do novo perfil de seguran\u00e7a p\u00fablica. \u201cA Pol\u00edcia tem que estar voltada \u00e0 sociedade. A partir do momento que a pol\u00edcia est\u00e1 pr\u00f3xima da popula\u00e7\u00e3o passa a ter uma confiabilidade maior no poder p\u00fablico. Os novos delegados aprendem que ningu\u00e9m faz nada sozinho. Defendemos o trabalho conjunto com as outras institui\u00e7\u00f5es e a popula\u00e7\u00e3o\u201d, detalha.<\/p>\n<div id=\"attachment_230985\" class=\"wp-caption alignleft\"><img loading=\"lazy\" decoding=\"async\" class=\"wp-image-230985 \" src=\"http:\/\/www.ms.gov.br\/wp-content\/uploads\/sites\/150\/2018\/06\/Eduardo-300x170.jpg\" sizes=\"auto, (max-width: 279px) 100vw, 279px\" srcset=\"http:\/\/www.ms.gov.br\/wp-content\/uploads\/sites\/150\/2018\/06\/Eduardo-300x170.jpg 300w, http:\/\/www.ms.gov.br\/wp-content\/uploads\/sites\/150\/2018\/06\/Eduardo-768x435.jpg 768w, http:\/\/www.ms.gov.br\/wp-content\/uploads\/sites\/150\/2018\/06\/Eduardo-1024x580.jpg 1024w\" alt=\"\" width=\"279\" height=\"158\" \/><\/p>\n<p class=\"wp-caption-text\"><em>Eduardo de Oliveira era delegado em SP e decidiu vir para MS.<\/em><\/p>\n<\/div>\n<p>Compondo a turma, Eduardo Ferreira de Oliveira era delegado em S\u00e3o Paulo e decidiu vir para Mato Grosso do Sul. \u201cA Pol\u00edcia Civil daqui \u00e9 uma das melhores do Pa\u00eds. Sempre escutamos elogios l\u00e1 em S\u00e3o Paulo. Temos condi\u00e7\u00f5es de realizar um bom trabalho em prol da sociedade\u201d, conta.<\/p>\n<p>Policial militar h\u00e1 dez anos em Mato Grosso do Sul, Erasmo Bruno de Mello Cubas tinha o sonho de ser delegado no Estado e conseguiu ser aprovado no concurso. \u201cOs 72 delegados est\u00e3o esperan\u00e7osos de atender \u00e0 necessidade do Estado na melhoria de sensa\u00e7\u00e3o de seguran\u00e7a para a popula\u00e7\u00e3o e resolver as quest\u00f5es administrativas. Est\u00e1 todo mundo motivado para corresponder \u00e0s expectativas\u201d, completa.<\/p>\n<p>A delegada Nelly Gomes dos Santos Macedo, que fazia parte da Pol\u00edcia Civil de Goi\u00e1s, destaca que um dos objetivos \u00e9 aproximar a pol\u00edcia da popula\u00e7\u00e3o, levando a sensa\u00e7\u00e3o de seguran\u00e7a. A delegada tamb\u00e9m destacou que ir\u00e3o trabalhar para dar maior qualidade no tratamento da viol\u00eancia contra a mulher. \u201cA gente consegue entender e dar um atendimento padr\u00e3o de qualidade para que elas n\u00e3o sejam vitimizadas novamente\u201d, afirma.<\/p>\n<div id=\"gallery-1\" class=\"gallery galleryid-230902 gallery-columns-2 gallery-size-full\">\n<dl class=\"gallery-item\">\n<dt class=\"gallery-icon landscape\"><a href=\"http:\/\/www.ms.gov.br\/mato-grosso-do-sul-zera-deficit-de-cidades-sem-delegados\/erasmo\/\"><img loading=\"lazy\" decoding=\"async\" class=\"attachment-full size-full\" src=\"http:\/\/www.ms.gov.br\/wp-content\/uploads\/sites\/150\/2018\/06\/Erasmo.jpg\" sizes=\"auto, (max-width: 2000px) 100vw, 2000px\" srcset=\"http:\/\/www.ms.gov.br\/wp-content\/uploads\/sites\/150\/2018\/06\/Erasmo.jpg 2000w, http:\/\/www.ms.gov.br\/wp-content\/uploads\/sites\/150\/2018\/06\/Erasmo-300x200.jpg 300w, http:\/\/www.ms.gov.br\/wp-content\/uploads\/sites\/150\/2018\/06\/Erasmo-768x512.jpg 768w, http:\/\/www.ms.gov.br\/wp-content\/uploads\/sites\/150\/2018\/06\/Erasmo-1024x682.jpg 1024w\" alt=\"\" width=\"2000\" height=\"1333\" \/><\/a><\/dt>\n<dd id=\"gallery-1-230976\" class=\"wp-caption-text gallery-caption\">Erasmo Cubas tinha o sonho de ser delegado em MS.<\/dd>\n<\/dl>\n<dl class=\"gallery-item\">\n<dt class=\"gallery-icon landscape\"><a href=\"http:\/\/www.ms.gov.br\/mato-grosso-do-sul-zera-deficit-de-cidades-sem-delegados\/nelly\/\"><img loading=\"lazy\" decoding=\"async\" class=\"attachment-full size-full\" src=\"http:\/\/www.ms.gov.br\/wp-content\/uploads\/sites\/150\/2018\/06\/Nelly.jpg\" sizes=\"auto, (max-width: 2000px) 100vw, 2000px\" srcset=\"http:\/\/www.ms.gov.br\/wp-content\/uploads\/sites\/150\/2018\/06\/Nelly.jpg 2000w, http:\/\/www.ms.gov.br\/wp-content\/uploads\/sites\/150\/2018\/06\/Nelly-300x200.jpg 300w, http:\/\/www.ms.gov.br\/wp-content\/uploads\/sites\/150\/2018\/06\/Nelly-768x512.jpg 768w, http:\/\/www.ms.gov.br\/wp-content\/uploads\/sites\/150\/2018\/06\/Nelly-1024x682.jpg 1024w\" alt=\"\" width=\"2000\" height=\"1333\" \/><\/a><\/dt>\n<dd id=\"gallery-1-230978\" class=\"wp-caption-text gallery-caption\">A delegada Nelly Macedo fazia parte da PC de Goi\u00e1s.<\/dd>\n<\/dl>\n<\/div>\n<p><strong>Mato Grosso do Sul ter\u00e1 o delegado mais novo do Pa\u00eds<\/strong><\/p>\n<div id=\"attachment_230979\" class=\"wp-caption alignright\"><a href=\"http:\/\/www.ms.gov.br\/wp-content\/uploads\/sites\/150\/2018\/06\/Ulisses.jpg\"><img loading=\"lazy\" decoding=\"async\" class=\"wp-image-230979\" src=\"http:\/\/www.ms.gov.br\/wp-content\/uploads\/sites\/150\/2018\/06\/Ulisses-300x166.jpg\" sizes=\"auto, (max-width: 331px) 100vw, 331px\" srcset=\"http:\/\/www.ms.gov.br\/wp-content\/uploads\/sites\/150\/2018\/06\/Ulisses-300x166.jpg 300w, http:\/\/www.ms.gov.br\/wp-content\/uploads\/sites\/150\/2018\/06\/Ulisses-768x425.jpg 768w, http:\/\/www.ms.gov.br\/wp-content\/uploads\/sites\/150\/2018\/06\/Ulisses-1024x567.jpg 1024w\" alt=\"\" width=\"331\" height=\"183\" \/><\/a><\/p>\n<p class=\"wp-caption-text\"><em>Ulisses Santos ser\u00e1 o delegado mais novo do Brasil.<\/em><\/p>\n<\/div>\n<p>Natural de Rond\u00f4nia, Ulisses Nei de Brito Santos entrou no curso de forma\u00e7\u00e3o com 21 anos de idade e ser\u00e1 o delegado mais novo do Brasil em exerc\u00edcio. O delegado obteve na Justi\u00e7a um mandado de seguran\u00e7a para poder assumir no concurso, tendo que passar por uma banca de avalia\u00e7\u00e3o.<\/p>\n<p>Ulisses contou que desejava ingressar na carreira desde os dez anos e fez o curso de Direito com a inten\u00e7\u00e3o de ser delegado. \u201cEu fiquei encantado com os amigos dos meus pais que combatiam a criminalidade. Eles me incentivaram a entrar nesta carreira\u201d, conta.<\/p>\n<p>O futuro delegado destacou que os tr\u00eas meses de curso foram intensos, por\u00e9m gratificantes. \u201cMe encantei por Campo Grande e quis vir para c\u00e1. O curso foi muito puxado. Nunca passei por algo assim na minha vida. Agora vou realizar meu sonho de ser delegado\u201d, revela.<\/p>\n<p>Ele tem a inten\u00e7\u00e3o de somar \u00e0 sociedade sul-mato-grossense e combater a criminalidade. \u201cVou me empenhar no cargo para reduzir a criminalidade. Pretendo integrar com a sociedade, fazendo com que tudo ocorra bem, inclusive, fazendo palestras em escolas\u201d, completa.<\/p>\n","protected":false},"excerpt":{"rendered":"<p>A nomea\u00e7\u00e3o de 72 novos delegados vai acabar com o d\u00e9ficit desses profissionais e refor\u00e7ar&#8230;<\/p>\n","protected":false},"author":1,"featured_media":19287,"comment_status":"closed","ping_status":"closed","sticky":false,"template":"","format":"standard","meta":{"footnotes":""},"categories":[8,14],"tags":[],"class_list":["post-19286","post","type-post","status-publish","format-standard","has-post-thumbnail","hentry","category-destaque","category-geral"],"_links":{"self":[{"href":"https:\/\/www.corumbaonline.com.br\/news\/wp-json\/wp\/v2\/posts\/19286","targetHints":{"allow":["GET"]}}],"collection":[{"href":"https:\/\/www.corumbaonline.com.br\/news\/wp-json\/wp\/v2\/posts"}],"about":[{"href":"https:\/\/www.corumbaonline.com.br\/news\/wp-json\/wp\/v2\/types\/post"}],"author":[{"embeddable":true,"href":"https:\/\/www.corumbaonline.com.br\/news\/wp-json\/wp\/v2\/users\/1"}],"replies":[{"embeddable":true,"href":"https:\/\/www.corumbaonline.com.br\/news\/wp-json\/wp\/v2\/comments?post=19286"}],"version-history":[{"count":1,"href":"https:\/\/www.corumbaonline.com.br\/news\/wp-json\/wp\/v2\/posts\/19286\/revisions"}],"predecessor-version":[{"id":19288,"href":"https:\/\/www.corumbaonline.com.br\/news\/wp-json\/wp\/v2\/posts\/19286\/revisions\/19288"}],"wp:featuredmedia":[{"embeddable":true,"href":"https:\/\/www.corumbaonline.com.br\/news\/wp-json\/wp\/v2\/media\/19287"}],"wp:attachment":[{"href":"https:\/\/www.corumbaonline.com.br\/news\/wp-json\/wp\/v2\/media?parent=19286"}],"wp:term":[{"taxonomy":"category","embeddable":true,"href":"https:\/\/www.corumbaonline.com.br\/news\/wp-json\/wp\/v2\/categories?post=19286"},{"taxonomy":"post_tag","embeddable":true,"href":"https:\/\/www.corumbaonline.com.br\/news\/wp-json\/wp\/v2\/tags?post=19286"}],"curies":[{"name":"wp","href":"https:\/\/api.w.org\/{rel}","templated":true}]}}