{"id":19289,"date":"2018-06-28T08:57:16","date_gmt":"2018-06-28T12:57:16","guid":{"rendered":"http:\/\/www.corumbaonline.com.br\/news\/?p=19289"},"modified":"2018-06-28T08:57:16","modified_gmt":"2018-06-28T12:57:16","slug":"em-corumba-salario-de-junho-sera-liberado-dia-4-inativos-recebem-nesta-sexta-feira","status":"publish","type":"post","link":"https:\/\/www.corumbaonline.com.br\/news\/em-corumba-salario-de-junho-sera-liberado-dia-4-inativos-recebem-nesta-sexta-feira\/","title":{"rendered":"Em Corumb\u00e1, sal\u00e1rio de junho ser\u00e1 liberado dia 4; inativos recebem nesta sexta-feira"},"content":{"rendered":"<p>A Secretaria Municipal de Finan\u00e7as e Gest\u00e3o informa que o pagamento de junho dos aposentados e pensionistas do Funprev (Fundo de Previd\u00eancia Social dos Servidores Municipais de Corumb\u00e1) ser\u00e1 realizado nesta sexta-feira, 29 de junho.<\/p>\n<p>&nbsp;<\/p>\n<p>J\u00e1 os demais servidores da Prefeitura de Corumb\u00e1, efetivos e comissionados, receber\u00e3o integralmente na pr\u00f3xima quarta-feira, 4 de julho. A Secretaria Municipal de Finan\u00e7as e Gest\u00e3o explicou que a queda na arrecada\u00e7\u00e3o municipal inviabilizou o Munic\u00edpio a quitar a folha dentro do m\u00eas trabalhado.<\/p>\n<p>&nbsp;<\/p>\n<p>Neste m\u00eas a queda no repasse do ICMS foi de R$ 6,7 milh\u00f5es. No FPM (Fundo de Participa\u00e7\u00e3o dos Munic\u00edpios) a redu\u00e7\u00e3o foi de mais R$ 600 mil, ou seja, a arrecada\u00e7\u00e3o foi R$ 7,3 milh\u00f5es menor, lembrando que o prazo legal para efetivar o pagamento dos servidores municipais \u00e9 o quinto dia \u00fatil.<\/p>\n<p>&nbsp;<\/p>\n<p>A Secretaria de Gest\u00e3o e Finan\u00e7as destacou ainda que a meta do prefeito Marcelo Iunes sempre foi continuar pagando o funcionalismo dentro do m\u00eas trabalhado, mas por conta da crise que afeta todos os Estados e munic\u00edpios do Pa\u00eds, infelizmente n\u00e3o foi poss\u00edvel cumprir esse objetivo em junho.<\/p>\n<p>&nbsp;<\/p>\n<p>Ainda de acordo com a Finan\u00e7as e Gest\u00e3o, as medidas adotadas pela Prefeitura j\u00e1 impactaram na folha salarial deste m\u00eas: a folha bruta est\u00e1 em R$ 19,4 milh\u00f5es, uma economia superior a R$ 600 mil comparada com maio.<\/p>\n<p>&nbsp;<\/p>\n<p>A diminui\u00e7\u00e3o \u00e9 resultado de diversas a\u00e7\u00f5es administrativas anunciadas pelo prefeito Marcelo Iunes no come\u00e7o do m\u00eas, principalmente a redu\u00e7\u00e3o no expediente do Poder P\u00fablico municipal, de 8h para 6 horas di\u00e1rias; a diminui\u00e7\u00e3o dos benef\u00edcios do funcionalismo; e a exonera\u00e7\u00e3o de comissionados.<\/p>\n","protected":false},"excerpt":{"rendered":"<p>A Secretaria Municipal de Finan\u00e7as e Gest\u00e3o informa que o pagamento de junho dos aposentados&#8230;<\/p>\n","protected":false},"author":1,"featured_media":0,"comment_status":"closed","ping_status":"closed","sticky":false,"template":"","format":"standard","meta":{"footnotes":""},"categories":[9],"tags":[],"class_list":["post-19289","post","type-post","status-publish","format-standard","hentry","category-economia"],"_links":{"self":[{"href":"https:\/\/www.corumbaonline.com.br\/news\/wp-json\/wp\/v2\/posts\/19289","targetHints":{"allow":["GET"]}}],"collection":[{"href":"https:\/\/www.corumbaonline.com.br\/news\/wp-json\/wp\/v2\/posts"}],"about":[{"href":"https:\/\/www.corumbaonline.com.br\/news\/wp-json\/wp\/v2\/types\/post"}],"author":[{"embeddable":true,"href":"https:\/\/www.corumbaonline.com.br\/news\/wp-json\/wp\/v2\/users\/1"}],"replies":[{"embeddable":true,"href":"https:\/\/www.corumbaonline.com.br\/news\/wp-json\/wp\/v2\/comments?post=19289"}],"version-history":[{"count":1,"href":"https:\/\/www.corumbaonline.com.br\/news\/wp-json\/wp\/v2\/posts\/19289\/revisions"}],"predecessor-version":[{"id":19290,"href":"https:\/\/www.corumbaonline.com.br\/news\/wp-json\/wp\/v2\/posts\/19289\/revisions\/19290"}],"wp:attachment":[{"href":"https:\/\/www.corumbaonline.com.br\/news\/wp-json\/wp\/v2\/media?parent=19289"}],"wp:term":[{"taxonomy":"category","embeddable":true,"href":"https:\/\/www.corumbaonline.com.br\/news\/wp-json\/wp\/v2\/categories?post=19289"},{"taxonomy":"post_tag","embeddable":true,"href":"https:\/\/www.corumbaonline.com.br\/news\/wp-json\/wp\/v2\/tags?post=19289"}],"curies":[{"name":"wp","href":"https:\/\/api.w.org\/{rel}","templated":true}]}}