{"id":19299,"date":"2018-06-28T09:45:29","date_gmt":"2018-06-28T13:45:29","guid":{"rendered":"http:\/\/www.corumbaonline.com.br\/news\/?p=19299"},"modified":"2018-06-28T12:03:09","modified_gmt":"2018-06-28T16:03:09","slug":"leilao-de-linhas-de-transmissao-e-interrompido-pela-segunda-vez","status":"publish","type":"post","link":"https:\/\/www.corumbaonline.com.br\/news\/leilao-de-linhas-de-transmissao-e-interrompido-pela-segunda-vez\/","title":{"rendered":"Leil\u00e3o de linhas de transmiss\u00e3o \u00e9 interrompido pela segunda vez"},"content":{"rendered":"<p>O leil\u00e3o promovido hoje (28) pela Ag\u00eancia Nacional de Energia El\u00e9trica (Aneel) enfrenta problemas devido \u00e0 decis\u00e3o liminar proferida pela Justi\u00e7a Federal. O in\u00edcio estava previsto para as 9h na B3, bolsa de valores de S\u00e3o Paulo, mas foi suspenso at\u00e9 as 10h, hor\u00e1rio em que chegou a ser retomado. No entanto, \u00e0s 10h20, foi suspenso mais uma vez.<\/p>\n<p>A decis\u00e3o foi em favor da Jaac Materiais e Servi\u00e7os, empresa interessada no lote 3 do certame, referente \u00e0s linhas de transmiss\u00e3o no Cear\u00e1 e Rio Grande do Norte. Um arranjo foi feito para negociar os 20 lotes, deixando o terceiro lote, ao qual a Jaac tem interesse, por \u00faltimo. Por\u00e9m, de acordo com a Aneel, ainda \u00e9 preciso verificar se essa possibilidade \u00e9 v\u00e1lida judicialmente.<\/p>\n<p>O diretor da Aneel, Andr\u00e9 Pepitone, explicou que a Jaac ficou de fora do leil\u00e3o por n\u00e3o apresentar as garantias necess\u00e1rias para a sua participa\u00e7\u00e3o. Segundo ele, a Advocacia-Geral da Uni\u00e3o negocia com a empresa, j\u00e1 que a inten\u00e7\u00e3o da Jaac \u00e9 entrar no leil\u00e3o. \u201cA decis\u00e3o \u00e9 na linha de garantir a participa\u00e7\u00e3o dela e n\u00e3o suspender o certame\u201d, disse o diretor da Aneel, Andr\u00e9 Pepitone.<\/p>\n<p>No leil\u00e3o, ser\u00e3o negociados 20 lotes de linhas de transmiss\u00e3o de energia el\u00e9trica, que dever\u00e3o gerar R$ 6 bilh\u00f5es em investimentos e aproximadamente 13,6 mil empregos. H\u00e1 ainda a expectativa de que o consumidor venha a pagar menos pelo consumo de energia.<\/p>\n","protected":false},"excerpt":{"rendered":"<p>O leil\u00e3o promovido hoje (28) pela Ag\u00eancia Nacional de Energia El\u00e9trica (Aneel) enfrenta problemas devido&#8230;<\/p>\n","protected":false},"author":1,"featured_media":0,"comment_status":"closed","ping_status":"closed","sticky":false,"template":"","format":"standard","meta":{"footnotes":""},"categories":[9],"tags":[],"class_list":["post-19299","post","type-post","status-publish","format-standard","hentry","category-economia"],"_links":{"self":[{"href":"https:\/\/www.corumbaonline.com.br\/news\/wp-json\/wp\/v2\/posts\/19299","targetHints":{"allow":["GET"]}}],"collection":[{"href":"https:\/\/www.corumbaonline.com.br\/news\/wp-json\/wp\/v2\/posts"}],"about":[{"href":"https:\/\/www.corumbaonline.com.br\/news\/wp-json\/wp\/v2\/types\/post"}],"author":[{"embeddable":true,"href":"https:\/\/www.corumbaonline.com.br\/news\/wp-json\/wp\/v2\/users\/1"}],"replies":[{"embeddable":true,"href":"https:\/\/www.corumbaonline.com.br\/news\/wp-json\/wp\/v2\/comments?post=19299"}],"version-history":[{"count":1,"href":"https:\/\/www.corumbaonline.com.br\/news\/wp-json\/wp\/v2\/posts\/19299\/revisions"}],"predecessor-version":[{"id":19300,"href":"https:\/\/www.corumbaonline.com.br\/news\/wp-json\/wp\/v2\/posts\/19299\/revisions\/19300"}],"wp:attachment":[{"href":"https:\/\/www.corumbaonline.com.br\/news\/wp-json\/wp\/v2\/media?parent=19299"}],"wp:term":[{"taxonomy":"category","embeddable":true,"href":"https:\/\/www.corumbaonline.com.br\/news\/wp-json\/wp\/v2\/categories?post=19299"},{"taxonomy":"post_tag","embeddable":true,"href":"https:\/\/www.corumbaonline.com.br\/news\/wp-json\/wp\/v2\/tags?post=19299"}],"curies":[{"name":"wp","href":"https:\/\/api.w.org\/{rel}","templated":true}]}}