{"id":19321,"date":"2018-06-28T15:38:05","date_gmt":"2018-06-28T19:38:05","guid":{"rendered":"http:\/\/www.corumbaonline.com.br\/news\/?p=19321"},"modified":"2018-06-28T15:40:00","modified_gmt":"2018-06-28T19:40:00","slug":"fomento-dos-destinos-turisticos-e-principal-objetivo-da-criacao-da-associacao-pantanal-bonito","status":"publish","type":"post","link":"https:\/\/www.corumbaonline.com.br\/news\/fomento-dos-destinos-turisticos-e-principal-objetivo-da-criacao-da-associacao-pantanal-bonito\/","title":{"rendered":"Fomento dos destinos tur\u00edsticos \u00e9 principal objetivo da cria\u00e7\u00e3o da Associa\u00e7\u00e3o Pantanal-Bonito"},"content":{"rendered":"<p>Com objetivo de fomentar o turismo atrav\u00e9s de promo\u00e7\u00e3o e divulga\u00e7\u00e3o das regi\u00f5es tur\u00edsticas Serra da Bodoquena e Pantanal e de se tornar a Inst\u00e2ncia de Governan\u00e7a Regional frente \u00e0 Pol\u00edtica de Regionaliza\u00e7\u00e3o do Minist\u00e9rio do Turismo, foi criada a Associa\u00e7\u00e3o Pantanal-Bonito, que teve Diretoria Executiva e Conselho Fiscal eleitos no dia 11 de junho, na C\u00e2mara Municipal de Miranda.<\/p>\n<p>A partir do ano de 2021, o MTur s\u00f3 permitir\u00e1 a entrada dos munic\u00edpios no Mapa do Turismo Brasileiro se eles fizerem parte de Inst\u00e2ncias de Governan\u00e7as Regionais devidamente constitu\u00eddas.<\/p>\n<p>A Funda\u00e7\u00e3o de Turismo de Mato Grosso do Sul (Fundtur-MS) \u00e9 incentivadora do fortalecimento da regionaliza\u00e7\u00e3o e, atrav\u00e9s de conv\u00eanio com o Sebrae-MS, contratou tr\u00eas consultores para apoiar a constitui\u00e7\u00e3o de inst\u00e2ncias de governan\u00e7a nas regi\u00f5es tur\u00edsticas.<\/p>\n<p>A Rota Norte e o Caminho dos Ip\u00eas tamb\u00e9m est\u00e3o recebendo consultoria, que ser\u00e3o estendidas \u00e0s outras regi\u00f5es em uma pr\u00f3xima fase. Uma das consultorias trabalhar\u00e1 como executiva da Diretoria eleita, outra no apoio ao fortalecimento da Associa\u00e7\u00e3o e orienta\u00e7\u00e3o na constitui\u00e7\u00e3o de um fundo privado para a capta\u00e7\u00e3o de recursos e a terceira far\u00e1 a consultoria jur\u00eddica, que cuidar\u00e1 da parte legal da Associa\u00e7\u00e3o.<\/p>\n<p>Segundo o diretor-presidente da Fundtur, Bruno Wendling, o Governo do Estado apoia e oferece condi\u00e7\u00f5es para a formaliza\u00e7\u00e3o e profissionaliza\u00e7\u00e3o do setor. \u201cA Funda\u00e7\u00e3o de Turismo est\u00e1 colocando profissionais de mercado \u00e0 disposi\u00e7\u00e3o para que o setor tur\u00edstico estadual entenda todo o processo de gest\u00e3o descentralizada, tra\u00e7ando estrat\u00e9gias de fortalecimento dos territ\u00f3rios, buscando a regionaliza\u00e7\u00e3o e o planejamento de futuros roteiros integrados, como \u00e9 o caso da Rota Pantanal Bonito\u201d.<\/p>\n<p>Foram promovidas seis reuni\u00f5es antes da elei\u00e7\u00e3o da Associa\u00e7\u00e3o Pantanal-Bonito, que ocorreram nos munic\u00edpios de Aquidauana, Bodoquena, Bonito, Jardim e Miranda, com cerca de 100 participantes, entre empres\u00e1rios e representantes do poder p\u00fablico. Somente uma chapa se candidatou \u00e0 elei\u00e7\u00e3o e foi eleita por aclama\u00e7\u00e3o. Pelo per\u00edodo de dois anos (bi\u00eanio 2018-2020), a Associa\u00e7\u00e3o Pantanal-Bonito ser\u00e1 composta pelos seguintes nomes:<\/p>\n<ul>\n<li><strong>Presidente:<\/strong>\u00a0Pedro Rosa (Bodoquena);<\/li>\n<li><strong>Vice-Presidente:<\/strong>\u00a0Walmir Munsi (Bonito);<\/li>\n<li><strong>Diretor Administrativo financeiro:<\/strong>\u00a0Raphael Barreto (Aquidauana);<\/li>\n<li><strong>Vice-diretor administrativo financeiro:<\/strong>\u00a0Maria Marju Azambuja Venturini (Corumb\u00e1);<\/li>\n<li><strong>Diretora de Mercado e Marketing:<\/strong>\u00a0F\u00e1tima Cordella (Miranda);<\/li>\n<li><strong>Conselho fiscal titular:<\/strong>\u00a0Edir Mendes Flores, Glaucir Vanzzela e Beth Coelho.<\/li>\n<\/ul>\n","protected":false},"excerpt":{"rendered":"<p>Com objetivo de fomentar o turismo atrav\u00e9s de promo\u00e7\u00e3o e divulga\u00e7\u00e3o das regi\u00f5es tur\u00edsticas Serra&#8230;<\/p>\n","protected":false},"author":1,"featured_media":19322,"comment_status":"closed","ping_status":"closed","sticky":false,"template":"","format":"standard","meta":{"footnotes":""},"categories":[23],"tags":[],"class_list":["post-19321","post","type-post","status-publish","format-standard","has-post-thumbnail","hentry","category-turismo"],"_links":{"self":[{"href":"https:\/\/www.corumbaonline.com.br\/news\/wp-json\/wp\/v2\/posts\/19321","targetHints":{"allow":["GET"]}}],"collection":[{"href":"https:\/\/www.corumbaonline.com.br\/news\/wp-json\/wp\/v2\/posts"}],"about":[{"href":"https:\/\/www.corumbaonline.com.br\/news\/wp-json\/wp\/v2\/types\/post"}],"author":[{"embeddable":true,"href":"https:\/\/www.corumbaonline.com.br\/news\/wp-json\/wp\/v2\/users\/1"}],"replies":[{"embeddable":true,"href":"https:\/\/www.corumbaonline.com.br\/news\/wp-json\/wp\/v2\/comments?post=19321"}],"version-history":[{"count":1,"href":"https:\/\/www.corumbaonline.com.br\/news\/wp-json\/wp\/v2\/posts\/19321\/revisions"}],"predecessor-version":[{"id":19323,"href":"https:\/\/www.corumbaonline.com.br\/news\/wp-json\/wp\/v2\/posts\/19321\/revisions\/19323"}],"wp:featuredmedia":[{"embeddable":true,"href":"https:\/\/www.corumbaonline.com.br\/news\/wp-json\/wp\/v2\/media\/19322"}],"wp:attachment":[{"href":"https:\/\/www.corumbaonline.com.br\/news\/wp-json\/wp\/v2\/media?parent=19321"}],"wp:term":[{"taxonomy":"category","embeddable":true,"href":"https:\/\/www.corumbaonline.com.br\/news\/wp-json\/wp\/v2\/categories?post=19321"},{"taxonomy":"post_tag","embeddable":true,"href":"https:\/\/www.corumbaonline.com.br\/news\/wp-json\/wp\/v2\/tags?post=19321"}],"curies":[{"name":"wp","href":"https:\/\/api.w.org\/{rel}","templated":true}]}}