{"id":19324,"date":"2018-06-28T16:35:08","date_gmt":"2018-06-28T20:35:08","guid":{"rendered":"http:\/\/www.corumbaonline.com.br\/news\/?p=19324"},"modified":"2018-06-28T16:35:08","modified_gmt":"2018-06-28T20:35:08","slug":"feira-agroecologica-na-embrapa-passa-a-ser-realizada-semanalmente","status":"publish","type":"post","link":"https:\/\/www.corumbaonline.com.br\/news\/feira-agroecologica-na-embrapa-passa-a-ser-realizada-semanalmente\/","title":{"rendered":"Feira Agroecol\u00f3gica na Embrapa passa a ser realizada semanalmente"},"content":{"rendered":"<p>A partir de amanh\u00e3, dia 29\/06, a \u201cFeira de Produtos em Transi\u00e7\u00e3o Agroecol\u00f3gica da Embrapa Pantanal\u201d passa a ser realizada semanalmente e n\u00e3o mais s\u00f3 de quinze em quinze dias. Quem tiver interesse em comprar alimentos hortifr\u00fati fresquinhos e saud\u00e1veis, produzidos sem agrot\u00f3xico, \u00e9 s\u00f3 aparecer na sede da Unidade de pesquisa em Corumb\u00e1\/MS, localizada na rua 21 de setembro n\u00ba 1880, a partir das 8h at\u00e9 as 11h. A dica \u00e9 chegar cedo, para encontrar mais variedade.<\/p>\n<p>Segundo o pesquisador respons\u00e1vel pelo projeto na Embrapa, Alberto Feiden, esta mudan\u00e7a \u00e9 resultado do aumento na produ\u00e7\u00e3o de alimentos dos agricultores familiares que participam da inciativa: \u201cAgora os consumidores podem contar com mais um local com data fixa de feira de produtos em transi\u00e7\u00e3o agroecol\u00f3gica. \u00c0s ter\u00e7as os produtores vendem na UFMS &#8211; Campus Pantanal e as sextas na Embrapa Pantanal.<\/p>\n<p>A Feira de Produtos de Transi\u00e7\u00e3o Agroecol\u00f3gica \u00e9 um dos resultados de um trabalho iniciado no ano de 2011 junto \u00e0 comunidade do assentamento rural 72, localizado em Lad\u00e1rio\/MS. \u201cA transi\u00e7\u00e3o agroecol\u00f3gica desse grupo de agricultores foi estimulada por meio de projetos desenvolvidos em parceria com a UFMS. Os produtores passaram por uma s\u00e9rie de cursos de capacita\u00e7\u00e3o em hortas, agroecologia, associativismo, organiza\u00e7\u00e3o do lote como neg\u00f3cio, fortalecimento do cooperativismo, produ\u00e7\u00e3o de caldas agroecol\u00f3gicas para controle das pragas, dentre outros. Hoje produzem alimentos sem agrot\u00f3xicos, controlando pragas e doen\u00e7as de forma natural e s\u00f3 n\u00e3o possuem uma certifica\u00e7\u00e3o de alimento org\u00e2nico devido a alguns embates burocr\u00e1ticos e por dificuldades no registro e anota\u00e7\u00f5es da produ\u00e7\u00e3o &#8211;\u00a0 por parte dos agricultores mesmo &#8211;\u00a0 mas isso tamb\u00e9m est\u00e1 sendo trabalhado nos projetos desenvolvidos junto a estas comunidades\u201d, explica Alberto.<\/p>\n<p><strong>Servi\u00e7o:<\/strong><\/p>\n<p>Feira de produtos em transi\u00e7\u00e3o agroecol\u00f3gica<\/p>\n<p>Data: 28 de junho, sexta-feira<\/p>\n<p>Hor\u00e1rio: das 08h \u00e0s 11h<\/p>\n<p>Local: Embrapa Pantanal \u2013 rua 21 de setembro, n\u00ba 1.880, bairro Nossa Senhora de F\u00e1tima.<\/p>\n","protected":false},"excerpt":{"rendered":"<p>A partir de amanh\u00e3, dia 29\/06, a \u201cFeira de Produtos em Transi\u00e7\u00e3o Agroecol\u00f3gica da Embrapa&#8230;<\/p>\n","protected":false},"author":1,"featured_media":19325,"comment_status":"closed","ping_status":"closed","sticky":false,"template":"","format":"standard","meta":{"footnotes":""},"categories":[2],"tags":[],"class_list":["post-19324","post","type-post","status-publish","format-standard","has-post-thumbnail","hentry","category-agropecuaria"],"_links":{"self":[{"href":"https:\/\/www.corumbaonline.com.br\/news\/wp-json\/wp\/v2\/posts\/19324","targetHints":{"allow":["GET"]}}],"collection":[{"href":"https:\/\/www.corumbaonline.com.br\/news\/wp-json\/wp\/v2\/posts"}],"about":[{"href":"https:\/\/www.corumbaonline.com.br\/news\/wp-json\/wp\/v2\/types\/post"}],"author":[{"embeddable":true,"href":"https:\/\/www.corumbaonline.com.br\/news\/wp-json\/wp\/v2\/users\/1"}],"replies":[{"embeddable":true,"href":"https:\/\/www.corumbaonline.com.br\/news\/wp-json\/wp\/v2\/comments?post=19324"}],"version-history":[{"count":1,"href":"https:\/\/www.corumbaonline.com.br\/news\/wp-json\/wp\/v2\/posts\/19324\/revisions"}],"predecessor-version":[{"id":19326,"href":"https:\/\/www.corumbaonline.com.br\/news\/wp-json\/wp\/v2\/posts\/19324\/revisions\/19326"}],"wp:featuredmedia":[{"embeddable":true,"href":"https:\/\/www.corumbaonline.com.br\/news\/wp-json\/wp\/v2\/media\/19325"}],"wp:attachment":[{"href":"https:\/\/www.corumbaonline.com.br\/news\/wp-json\/wp\/v2\/media?parent=19324"}],"wp:term":[{"taxonomy":"category","embeddable":true,"href":"https:\/\/www.corumbaonline.com.br\/news\/wp-json\/wp\/v2\/categories?post=19324"},{"taxonomy":"post_tag","embeddable":true,"href":"https:\/\/www.corumbaonline.com.br\/news\/wp-json\/wp\/v2\/tags?post=19324"}],"curies":[{"name":"wp","href":"https:\/\/api.w.org\/{rel}","templated":true}]}}