{"id":19349,"date":"2018-06-29T08:38:15","date_gmt":"2018-06-29T12:38:15","guid":{"rendered":"http:\/\/www.corumbaonline.com.br\/news\/?p=19349"},"modified":"2018-06-29T08:29:34","modified_gmt":"2018-06-29T12:29:34","slug":"corumbaenses-conquistam-tres-ouros-e-uma-prata-em-brasileiro-de-karate","status":"publish","type":"post","link":"https:\/\/www.corumbaonline.com.br\/news\/corumbaenses-conquistam-tres-ouros-e-uma-prata-em-brasileiro-de-karate\/","title":{"rendered":"Corumbaenses conquistam tr\u00eas ouros e uma prata em Brasileiro de Karate"},"content":{"rendered":"<p>Com total apoio da Prefeitura de Corumb\u00e1, por meio da Funda\u00e7\u00e3o de Esportes (FUNEC), tr\u00eas atletas da cidade conquistaram quatro medalhas no Campeonato Brasileiro de Karate Ol\u00edmpico &#8211; etapa Santa Catarina, realizado no per\u00edodo de 20 a 24 de junho de 2018, na cidade de Joinville.<\/p>\n<p>&nbsp;<\/p>\n<p>Foram conquistadas tr\u00eas medalhas de ouro e uma de prata, sendo estas conquistadas por Thiago Salvaterra, ouro categoria KATA Sub 21 e ouro categoria KATA s\u00eanior; Joyce Alexandrino, ouro categoria KUMITE universit\u00e1ria; e Ana Carolina Queiroz, prata categoria KUMITE s\u00eanior.<\/p>\n<p>&nbsp;<\/p>\n<p>Com esse resultado os atletas foram classificados para as finais do Campeonato Brasileiro a ser realizada em outubro na cidade de Contagem, Minas Gerais. A delega\u00e7\u00e3o corumbaense contou com a presen\u00e7a de seis karatecas e do t\u00e9cnico da equipe.<\/p>\n<p>&nbsp;<\/p>\n<p><strong>Futsal<\/strong><\/p>\n<p>&nbsp;<\/p>\n<p>Tamb\u00e9m com total apoio da Prefeitura de Corumb\u00e1, a equipe Corumb\u00e1\/Funec participou da Copa do Interior de Futsal Masculino, realizado na cidade de Camapu\u00e3 entre os dias 22 e 23 de junho.<\/p>\n<p>&nbsp;<\/p>\n<p>Na categoria Pr\u00e9-Mirim os corumbaenses conquistaram o terceiro lugar e, na categoria Fraldinha, sagraram-se campe\u00f5es do torneio. A equipe ainda teve como destaque o goleiro menos vazado (Luiz Felipe \u2013 8 anos) e o artilheiro da competi\u00e7\u00e3o (Yago \u2013 8 anos).<\/p>\n","protected":false},"excerpt":{"rendered":"<p>Com total apoio da Prefeitura de Corumb\u00e1, por meio da Funda\u00e7\u00e3o de Esportes (FUNEC), tr\u00eas&#8230;<\/p>\n","protected":false},"author":1,"featured_media":19350,"comment_status":"closed","ping_status":"closed","sticky":false,"template":"","format":"standard","meta":{"footnotes":""},"categories":[10],"tags":[],"class_list":["post-19349","post","type-post","status-publish","format-standard","has-post-thumbnail","hentry","category-educacao"],"_links":{"self":[{"href":"https:\/\/www.corumbaonline.com.br\/news\/wp-json\/wp\/v2\/posts\/19349","targetHints":{"allow":["GET"]}}],"collection":[{"href":"https:\/\/www.corumbaonline.com.br\/news\/wp-json\/wp\/v2\/posts"}],"about":[{"href":"https:\/\/www.corumbaonline.com.br\/news\/wp-json\/wp\/v2\/types\/post"}],"author":[{"embeddable":true,"href":"https:\/\/www.corumbaonline.com.br\/news\/wp-json\/wp\/v2\/users\/1"}],"replies":[{"embeddable":true,"href":"https:\/\/www.corumbaonline.com.br\/news\/wp-json\/wp\/v2\/comments?post=19349"}],"version-history":[{"count":1,"href":"https:\/\/www.corumbaonline.com.br\/news\/wp-json\/wp\/v2\/posts\/19349\/revisions"}],"predecessor-version":[{"id":19351,"href":"https:\/\/www.corumbaonline.com.br\/news\/wp-json\/wp\/v2\/posts\/19349\/revisions\/19351"}],"wp:featuredmedia":[{"embeddable":true,"href":"https:\/\/www.corumbaonline.com.br\/news\/wp-json\/wp\/v2\/media\/19350"}],"wp:attachment":[{"href":"https:\/\/www.corumbaonline.com.br\/news\/wp-json\/wp\/v2\/media?parent=19349"}],"wp:term":[{"taxonomy":"category","embeddable":true,"href":"https:\/\/www.corumbaonline.com.br\/news\/wp-json\/wp\/v2\/categories?post=19349"},{"taxonomy":"post_tag","embeddable":true,"href":"https:\/\/www.corumbaonline.com.br\/news\/wp-json\/wp\/v2\/tags?post=19349"}],"curies":[{"name":"wp","href":"https:\/\/api.w.org\/{rel}","templated":true}]}}