{"id":19363,"date":"2018-06-29T10:04:00","date_gmt":"2018-06-29T14:04:00","guid":{"rendered":"http:\/\/www.corumbaonline.com.br\/news\/?p=19363"},"modified":"2018-06-29T11:37:41","modified_gmt":"2018-06-29T15:37:41","slug":"pesquisa-aponta-desemprego-estavel-e-aumento-da-informalidade-em-maio","status":"publish","type":"post","link":"https:\/\/www.corumbaonline.com.br\/news\/pesquisa-aponta-desemprego-estavel-e-aumento-da-informalidade-em-maio\/","title":{"rendered":"Pesquisa aponta desemprego est\u00e1vel e aumento da informalidade em maio"},"content":{"rendered":"<p>A taxa de desemprego fechou o trimestre encerrado em maio em 12,7%, praticamente est\u00e1vel em rela\u00e7\u00e3o ao trimestre encerrado em fevereiro deste ano, quando a taxa de desocupa\u00e7\u00e3o foi 12,6%, alta de apenas 0,1 ponto percentual.<\/p>\n<p>Os dados s\u00e3o da Pesquisa Nacional por Amostra de Domic\u00edlios Cont\u00ednua (Pnad Cont\u00ednua) divulgada hoje (28), pelo Instituto Brasileiro de Geografia e Estat\u00edstica (IBGE), que ressalta, no entanto, o fato de que entre um trimestre e outro a informalidade no emprego voltou a crescer, com o contingente de empregados do setor privado sem carteira assinada tendo aumentado 2,9% no trimestre de mar\u00e7o a maio, em rela\u00e7\u00e3o ao trimestre anterior.<\/p>\n<p>Em n\u00fameros absolutos, o resultado representa mais 307 mil pessoas em postos de trabalho que n\u00e3o oferecem v\u00e1rias garantias de direitos trabalhistas. Em rela\u00e7\u00e3o ao mesmo trimestre do ano anterior, o aumento foi de 5,7%, o que corresponde a 597 mil pessoas a mais na informalidade.<\/p>\n<p>Segundo o IBGE, na compara\u00e7\u00e3o com o trimestre de mar\u00e7o a maio de 2017, quando a taxa de desemprego estava em 13,3%, houve queda de 0,6 ponto percentual no indicador.<\/p>\n<p>Com a estabilidade da taxa de desemprego, a popula\u00e7\u00e3o desocupada tamb\u00e9m ficou est\u00e1vel em 13,2 milh\u00f5es de pessoas. No trimestre encerrado em fevereiro a taxa foi de 13,1 milh\u00f5es. J\u00e1 na compara\u00e7\u00e3o com igual trimestre do ano anterior, quando havia 13,8 milh\u00f5es de desocupados, houve queda de 3,9%.<\/p>\n<p>O pa\u00eds tinha em maio \u00faltimo uma popula\u00e7\u00e3o ocupada de 90,9 milh\u00f5es de trabalhadores, tamb\u00e9m mostrando estabilidade no emprego em rela\u00e7\u00e3o ao trimestre imediatamente anterior (dezembro do ano passado a fevereiro deste ano). Em rela\u00e7\u00e3o ao mesmo trimestre do ano anterior, quando havia 89,7 milh\u00f5es de pessoas ocupadas, a popula\u00e7\u00e3o ocupada aumentou 1,3%.<\/p>\n","protected":false},"excerpt":{"rendered":"<p>A taxa de desemprego fechou o trimestre encerrado em maio em 12,7%, praticamente est\u00e1vel em&#8230;<\/p>\n","protected":false},"author":1,"featured_media":0,"comment_status":"closed","ping_status":"closed","sticky":false,"template":"","format":"standard","meta":{"footnotes":""},"categories":[9],"tags":[],"class_list":["post-19363","post","type-post","status-publish","format-standard","hentry","category-economia"],"_links":{"self":[{"href":"https:\/\/www.corumbaonline.com.br\/news\/wp-json\/wp\/v2\/posts\/19363","targetHints":{"allow":["GET"]}}],"collection":[{"href":"https:\/\/www.corumbaonline.com.br\/news\/wp-json\/wp\/v2\/posts"}],"about":[{"href":"https:\/\/www.corumbaonline.com.br\/news\/wp-json\/wp\/v2\/types\/post"}],"author":[{"embeddable":true,"href":"https:\/\/www.corumbaonline.com.br\/news\/wp-json\/wp\/v2\/users\/1"}],"replies":[{"embeddable":true,"href":"https:\/\/www.corumbaonline.com.br\/news\/wp-json\/wp\/v2\/comments?post=19363"}],"version-history":[{"count":1,"href":"https:\/\/www.corumbaonline.com.br\/news\/wp-json\/wp\/v2\/posts\/19363\/revisions"}],"predecessor-version":[{"id":19364,"href":"https:\/\/www.corumbaonline.com.br\/news\/wp-json\/wp\/v2\/posts\/19363\/revisions\/19364"}],"wp:attachment":[{"href":"https:\/\/www.corumbaonline.com.br\/news\/wp-json\/wp\/v2\/media?parent=19363"}],"wp:term":[{"taxonomy":"category","embeddable":true,"href":"https:\/\/www.corumbaonline.com.br\/news\/wp-json\/wp\/v2\/categories?post=19363"},{"taxonomy":"post_tag","embeddable":true,"href":"https:\/\/www.corumbaonline.com.br\/news\/wp-json\/wp\/v2\/tags?post=19363"}],"curies":[{"name":"wp","href":"https:\/\/api.w.org\/{rel}","templated":true}]}}