{"id":19372,"date":"2018-06-29T11:06:02","date_gmt":"2018-06-29T15:06:02","guid":{"rendered":"http:\/\/www.corumbaonline.com.br\/news\/?p=19372"},"modified":"2018-06-29T12:13:55","modified_gmt":"2018-06-29T16:13:55","slug":"publicado-decreto-que-reserva-30-de-vagas-de-estagio-para-negros","status":"publish","type":"post","link":"https:\/\/www.corumbaonline.com.br\/news\/publicado-decreto-que-reserva-30-de-vagas-de-estagio-para-negros\/","title":{"rendered":"Publicado decreto que reserva 30% de vagas de est\u00e1gio para negros"},"content":{"rendered":"<p>O decreto que reserva para estudantes negros 30% das vagas em sele\u00e7\u00f5es de est\u00e1gios na administra\u00e7\u00e3o p\u00fablica federal direta, aut\u00e1rquica e fundacional est\u00e1 publicado na edi\u00e7\u00e3o de hoje (29) do\u00a0<a href=\"http:\/\/www.imprensanacional.gov.br\/web\/guest\/materia\/-\/asset_publisher\/Kujrw0TZC2Mb\/content\/id\/27934784\/do1-2018-06-29-decreto-n-9-427-de-28-de-junho-de-2018-27934697\" target=\"_blank\" rel=\"noopener noreferrer\"><em>Di\u00e1rio Oficial da Uni\u00e3o (DO)<\/em><\/a>. A medida busca fortalecer a inser\u00e7\u00e3o dos jovens negros no mercado de trabalho e foi assinada ontem (28) pelo presidente Michel Temer, em cerim\u00f4nia no Pal\u00e1cio do Planalto.<\/p>\n<p>De acordo com o texto, poder\u00e3o concorrer \u00e0s vagas reservadas a candidatos negros aqueles que se autodeclararem pretos ou pardos no ato da inscri\u00e7\u00e3o na sele\u00e7\u00e3o de est\u00e1gio, conforme o quesito cor ou ra\u00e7a utilizado pelo Instituto Brasileiro de Geografia e Estat\u00edstica (IBGE).<\/p>\n<p>A ideia \u00e9 que as sociedades de economia mista controladas pela Uni\u00e3o tamb\u00e9m adotem a medida. Ontem, na cerim\u00f4nia no Pal\u00e1cio do Planalto, dirigentes do Banco do Brasil, da Caixa Econ\u00f4mica, da Petrobras e do Banco do Nordeste assinaram termo de compromisso da reserva de vagas.<\/p>\n<p>No evento, o secret\u00e1rio nacional de Pol\u00edticas de Promo\u00e7\u00e3o da Igualdade Racial, Juvenal Ara\u00fajo, disse que o decreto \u00e9 um incentivo para jovens negros iniciarem a vida profissional e contribui tamb\u00e9m para a redu\u00e7\u00e3o da desigualdade racial. \u201cEssa a\u00e7\u00e3o, que tamb\u00e9m \u00e9 afirmativa, representa muito mais que uma oportunidade de primeiro emprego, representa a constru\u00e7\u00e3o de uma democracia com justi\u00e7a social\u201d, disse.<\/p>\n","protected":false},"excerpt":{"rendered":"<p>O decreto que reserva para estudantes negros 30% das vagas em sele\u00e7\u00f5es de est\u00e1gios na&#8230;<\/p>\n","protected":false},"author":1,"featured_media":0,"comment_status":"closed","ping_status":"closed","sticky":false,"template":"","format":"standard","meta":{"footnotes":""},"categories":[10],"tags":[],"class_list":["post-19372","post","type-post","status-publish","format-standard","hentry","category-educacao"],"_links":{"self":[{"href":"https:\/\/www.corumbaonline.com.br\/news\/wp-json\/wp\/v2\/posts\/19372","targetHints":{"allow":["GET"]}}],"collection":[{"href":"https:\/\/www.corumbaonline.com.br\/news\/wp-json\/wp\/v2\/posts"}],"about":[{"href":"https:\/\/www.corumbaonline.com.br\/news\/wp-json\/wp\/v2\/types\/post"}],"author":[{"embeddable":true,"href":"https:\/\/www.corumbaonline.com.br\/news\/wp-json\/wp\/v2\/users\/1"}],"replies":[{"embeddable":true,"href":"https:\/\/www.corumbaonline.com.br\/news\/wp-json\/wp\/v2\/comments?post=19372"}],"version-history":[{"count":1,"href":"https:\/\/www.corumbaonline.com.br\/news\/wp-json\/wp\/v2\/posts\/19372\/revisions"}],"predecessor-version":[{"id":19373,"href":"https:\/\/www.corumbaonline.com.br\/news\/wp-json\/wp\/v2\/posts\/19372\/revisions\/19373"}],"wp:attachment":[{"href":"https:\/\/www.corumbaonline.com.br\/news\/wp-json\/wp\/v2\/media?parent=19372"}],"wp:term":[{"taxonomy":"category","embeddable":true,"href":"https:\/\/www.corumbaonline.com.br\/news\/wp-json\/wp\/v2\/categories?post=19372"},{"taxonomy":"post_tag","embeddable":true,"href":"https:\/\/www.corumbaonline.com.br\/news\/wp-json\/wp\/v2\/tags?post=19372"}],"curies":[{"name":"wp","href":"https:\/\/api.w.org\/{rel}","templated":true}]}}