{"id":19374,"date":"2018-06-29T11:22:02","date_gmt":"2018-06-29T15:22:02","guid":{"rendered":"http:\/\/www.corumbaonline.com.br\/news\/?p=19374"},"modified":"2018-06-29T12:31:28","modified_gmt":"2018-06-29T16:31:28","slug":"semana-municipal-sobre-drogas-e-ferramenta-importante-para-enfrentamento","status":"publish","type":"post","link":"https:\/\/www.corumbaonline.com.br\/news\/semana-municipal-sobre-drogas-e-ferramenta-importante-para-enfrentamento\/","title":{"rendered":"Semana municipal sobre drogas \u00e9 ferramenta importante para enfrentamento"},"content":{"rendered":"<p>A primeira Semana Municipal Sobre Drogas promovida pela Prefeitura de Corumb\u00e1, por meio da Secretaria Especial de Seguran\u00e7a P\u00fablica e Defesa Social, \u00e9 extremamente importante para o enfrentamento ao problema. A avalia\u00e7\u00e3o \u00e9 do psiquiatra cl\u00ednico Juberty Ant\u00f4nio de Souza, um dos palestrantes da noite de ontem, 28 de junho, do evento realizado no Centro de Conven\u00e7\u00f5es.<\/p>\n<p>&nbsp;<\/p>\n<p>\u201cCorumb\u00e1 tem uma hist\u00f3ria no combate \u00e0s drogas, na busca por tratamento. S\u00e3o hist\u00f3ricas as iniciativas que Corumb\u00e1 mostrou na preven\u00e7\u00e3o, tratamento e reinser\u00e7\u00e3o. Logicamente que em todo o lugar do mundo, e aqui tamb\u00e9m, os resultados s\u00e3o poucos porque n\u00f3s ainda temos dificuldades, enquanto sociedade, de termos compreens\u00e3o total do fen\u00f4meno. Mas, esse evento, divulgando informa\u00e7\u00f5es adequadas \u00e9 de extrema import\u00e2ncia\u201d, disse o m\u00e9dico psiquiatra que participou da mesa de debates que discutiu o tema \u201cDanos Causados \u00e0 Sa\u00fade, Tratamento e Direitos Humanos\u201d.<\/p>\n<p>&nbsp;<\/p>\n<p>Juberty \u00e9 autor de v\u00e1rios livros sobre sa\u00fade mental e atua em atividades relacionadas \u00e0 preven\u00e7\u00e3o, interven\u00e7\u00e3o e atividades educativas na \u00e1rea de depend\u00eancia qu\u00edmica.<\/p>\n<p>&nbsp;<\/p>\n<p>Secret\u00e1rio Especial de Seguran\u00e7a P\u00fablica e Defesa Social, C\u00e9sar Freitas Duarte, destacou que a Semana Municipal contribui com orienta\u00e7\u00f5es para a popula\u00e7\u00e3o sobre a problem\u00e1tica e tamb\u00e9m consolida a constru\u00e7\u00e3o da Pol\u00edtica P\u00fablica Municipal Sobre Drogas. \u201cA Semana \u00e9 um importante passo para a consolida\u00e7\u00e3o da pol\u00edtica antidrogas, que j\u00e1 est\u00e1 em tratativas. Contribui para o fortalecimento e cria\u00e7\u00e3o da nossa pol\u00edtica municipal\u201d, afirmou.<\/p>\n<p>&nbsp;<\/p>\n<p>Nesta quinta-feira, a primeira Semana Municipal Sobre Drogas teve como debatedores a psic\u00f3loga do CAPS ad, Silvia Seg\u00f3via Ara\u00fajo Freire, a psic\u00f3loga e coordenadora do Caps Infantil, Daianny Garcia do Nascimento, o professor doutor Bruno Marini. A mediadora foi Lidiane de Brito Curto (UFMS).<\/p>\n<p>&nbsp;<\/p>\n<p>A primeira Semana Municipal Sobre Drogas, que tem como tema \u201cDrogas: a melhor estrat\u00e9gia ainda \u00e9 a preven\u00e7\u00e3o\u201d, teve in\u00edcio na sexta-feira, 22 de junho. As atividades terminam hoje, dia 29, com mesa de discuss\u00f5es que debate \u201cLegisla\u00e7\u00e3o Antidrogas\u201d. Os palestrantes s\u00e3o Deyvis Ecco (juiz titular da 1\u00aa Vara Criminal), Emerson Ricardo Fernandes (juiz titular da Vara Especial C\u00edvel e Criminal), Luciano Bordignon Conte (5\u00aa Promotoria de Justi\u00e7a), Luiz Gonzaga (advogado) e o mediador ser\u00e1 Roberto Ajala Lins (presidente da OAB\/Corumb\u00e1).<\/p>\n","protected":false},"excerpt":{"rendered":"<p>A primeira Semana Municipal Sobre Drogas promovida pela Prefeitura de Corumb\u00e1, por meio da Secretaria&#8230;<\/p>\n","protected":false},"author":1,"featured_media":19375,"comment_status":"closed","ping_status":"closed","sticky":false,"template":"","format":"standard","meta":{"footnotes":""},"categories":[18],"tags":[],"class_list":["post-19374","post","type-post","status-publish","format-standard","has-post-thumbnail","hentry","category-seguranca"],"_links":{"self":[{"href":"https:\/\/www.corumbaonline.com.br\/news\/wp-json\/wp\/v2\/posts\/19374","targetHints":{"allow":["GET"]}}],"collection":[{"href":"https:\/\/www.corumbaonline.com.br\/news\/wp-json\/wp\/v2\/posts"}],"about":[{"href":"https:\/\/www.corumbaonline.com.br\/news\/wp-json\/wp\/v2\/types\/post"}],"author":[{"embeddable":true,"href":"https:\/\/www.corumbaonline.com.br\/news\/wp-json\/wp\/v2\/users\/1"}],"replies":[{"embeddable":true,"href":"https:\/\/www.corumbaonline.com.br\/news\/wp-json\/wp\/v2\/comments?post=19374"}],"version-history":[{"count":1,"href":"https:\/\/www.corumbaonline.com.br\/news\/wp-json\/wp\/v2\/posts\/19374\/revisions"}],"predecessor-version":[{"id":19376,"href":"https:\/\/www.corumbaonline.com.br\/news\/wp-json\/wp\/v2\/posts\/19374\/revisions\/19376"}],"wp:featuredmedia":[{"embeddable":true,"href":"https:\/\/www.corumbaonline.com.br\/news\/wp-json\/wp\/v2\/media\/19375"}],"wp:attachment":[{"href":"https:\/\/www.corumbaonline.com.br\/news\/wp-json\/wp\/v2\/media?parent=19374"}],"wp:term":[{"taxonomy":"category","embeddable":true,"href":"https:\/\/www.corumbaonline.com.br\/news\/wp-json\/wp\/v2\/categories?post=19374"},{"taxonomy":"post_tag","embeddable":true,"href":"https:\/\/www.corumbaonline.com.br\/news\/wp-json\/wp\/v2\/tags?post=19374"}],"curies":[{"name":"wp","href":"https:\/\/api.w.org\/{rel}","templated":true}]}}