{"id":19405,"date":"2018-07-01T09:52:27","date_gmt":"2018-07-01T13:52:27","guid":{"rendered":"http:\/\/www.corumbaonline.com.br\/news\/?p=19405"},"modified":"2018-07-01T10:28:36","modified_gmt":"2018-07-01T14:28:36","slug":"pre-candidatos-estao-proibidos-de-apresentar-programas-de-radio-e-tv","status":"publish","type":"post","link":"https:\/\/www.corumbaonline.com.br\/news\/pre-candidatos-estao-proibidos-de-apresentar-programas-de-radio-e-tv\/","title":{"rendered":"Pr\u00e9-candidatos est\u00e3o proibidos de apresentar programas de r\u00e1dio e TV"},"content":{"rendered":"<p>Desde ontem (30), as emissoras de r\u00e1dio e televis\u00e3o n\u00e3o poder\u00e3o transmitir programas apresentados ou comentados por pr\u00e9-candidatos \u00e0s elei\u00e7\u00f5es gerais deste ano. A data est\u00e1 prevista no calend\u00e1rio eleitoral, aprovado pelo Tribunal Superior Eleitoral (TSE).<\/p>\n<p>Segundo a Lei n\u00ba 9.504\/1997, Artigo 45, Par\u00e1grafo 1\u00ba, a partir desta data, \u00e9 vedado \u00e0s emissoras de r\u00e1dio e de televis\u00e3o transmitir programa apresentado ou comentado por pr\u00e9-candidato, sob pena, no caso de sua escolha na conven\u00e7\u00e3o partid\u00e1ria, de imposi\u00e7\u00e3o de multa \u00e0 emissora e de cancelamento do registro da candidatura.<\/p>\n<p>O primeiro turno das elei\u00e7\u00f5es est\u00e1 marcado para o dia\u00a07 de outubro\u00a0e o segundo turno, para\u00a028 de outubro. Os eleitores v\u00e3o \u00e0s urnas para escolher presidente, governador, senador, deputados federais e estaduais\/distritais.<\/p>\n","protected":false},"excerpt":{"rendered":"<p>Desde ontem (30), as emissoras de r\u00e1dio e televis\u00e3o n\u00e3o poder\u00e3o transmitir programas apresentados ou&#8230;<\/p>\n","protected":false},"author":1,"featured_media":19406,"comment_status":"closed","ping_status":"closed","sticky":false,"template":"","format":"standard","meta":{"footnotes":""},"categories":[101],"tags":[],"class_list":["post-19405","post","type-post","status-publish","format-standard","has-post-thumbnail","hentry","category-eleicoes"],"_links":{"self":[{"href":"https:\/\/www.corumbaonline.com.br\/news\/wp-json\/wp\/v2\/posts\/19405","targetHints":{"allow":["GET"]}}],"collection":[{"href":"https:\/\/www.corumbaonline.com.br\/news\/wp-json\/wp\/v2\/posts"}],"about":[{"href":"https:\/\/www.corumbaonline.com.br\/news\/wp-json\/wp\/v2\/types\/post"}],"author":[{"embeddable":true,"href":"https:\/\/www.corumbaonline.com.br\/news\/wp-json\/wp\/v2\/users\/1"}],"replies":[{"embeddable":true,"href":"https:\/\/www.corumbaonline.com.br\/news\/wp-json\/wp\/v2\/comments?post=19405"}],"version-history":[{"count":3,"href":"https:\/\/www.corumbaonline.com.br\/news\/wp-json\/wp\/v2\/posts\/19405\/revisions"}],"predecessor-version":[{"id":19409,"href":"https:\/\/www.corumbaonline.com.br\/news\/wp-json\/wp\/v2\/posts\/19405\/revisions\/19409"}],"wp:featuredmedia":[{"embeddable":true,"href":"https:\/\/www.corumbaonline.com.br\/news\/wp-json\/wp\/v2\/media\/19406"}],"wp:attachment":[{"href":"https:\/\/www.corumbaonline.com.br\/news\/wp-json\/wp\/v2\/media?parent=19405"}],"wp:term":[{"taxonomy":"category","embeddable":true,"href":"https:\/\/www.corumbaonline.com.br\/news\/wp-json\/wp\/v2\/categories?post=19405"},{"taxonomy":"post_tag","embeddable":true,"href":"https:\/\/www.corumbaonline.com.br\/news\/wp-json\/wp\/v2\/tags?post=19405"}],"curies":[{"name":"wp","href":"https:\/\/api.w.org\/{rel}","templated":true}]}}