{"id":19458,"date":"2018-07-03T09:12:25","date_gmt":"2018-07-03T13:12:25","guid":{"rendered":"http:\/\/www.corumbaonline.com.br\/news\/?p=19458"},"modified":"2018-07-03T09:40:29","modified_gmt":"2018-07-03T13:40:29","slug":"ifms-promove-audiencia-publica-em-corumba-nesta-quarta-feira","status":"publish","type":"post","link":"https:\/\/www.corumbaonline.com.br\/news\/ifms-promove-audiencia-publica-em-corumba-nesta-quarta-feira\/","title":{"rendered":"IFMS promove audi\u00eancia p\u00fablica em Corumb\u00e1 nesta quarta-feira"},"content":{"rendered":"<div>O Instituto Federal de Mato Grosso do Sul (IFMS) promove nesta quarta-feira, 4, uma audi\u00eancia p\u00fablica em Corumb\u00e1 para que a comunidade possa contribuir com a constru\u00e7\u00e3o do Plano de Desenvolvimento Institucional (PDI 2019-2023), documento que ir\u00e1 definir os objetivos e metas da institui\u00e7\u00e3o para os pr\u00f3ximos cinco anos.<\/div>\n<div><\/div>\n<div>A audi\u00eancia p\u00fablica ser\u00e1 realizada no audit\u00f3rio da Embrapa Pantanal, localizada na Rua 21 de Setembro, 1.880, Aeroporto, entre 19h e 22h.<\/div>\n<div><\/div>\n<div>O evento \u00e9 aberto \u00e0 participa\u00e7\u00e3o da comunidade, inclusive dos munic\u00edpios vizinhos que formam a \u00e1rea de abrang\u00eancia do campus do IFMS. Foram enviados convites a autoridades locais, incluindo prefeitos, vereadores e representantes do judici\u00e1rio.<\/div>\n<div><\/div>\n<div>Os participantes far\u00e3o contribui\u00e7\u00f5es por escrito, e cada um poder\u00e1 usar a palavra por at\u00e9 dois minutos para expor a ideia.<\/div>\n<div><\/div>\n<div>O coordenador da subcomiss\u00e3o que organiza as audi\u00eancias p\u00fablicas do PDI, Ubirajara Garcia, destaca a import\u00e2ncia da participa\u00e7\u00e3o social no processo de elabora\u00e7\u00e3o do documento.<\/div>\n<div><\/div>\n<div>\u201cAl\u00e9m de ser um instrumento legal, a audi\u00eancia p\u00fablica \u00e9 um mecanismo para ampliar a voz da comunidade. \u00c9 uma etapa democr\u00e1tica que vai permitir \u00e0 sociedade se expressar sobre os seus anseios para o IFMS pelos pr\u00f3ximos cinco anos\u201d, explicou.<\/div>\n<div><\/div>\n<div>Mais informa\u00e7\u00f5es sobre o processo de elabora\u00e7\u00e3o do PDI 2019-2023 est\u00e3o disponibilizadas no espa\u00e7o i-Cidadania, no endere\u00e7o\u00a0<a href=\"http:\/\/www.ifms.edu.br\/cidadania\" target=\"_blank\" rel=\"noopener noreferrer\">www.ifms.edu.br\/cidadania<\/a>.<\/div>\n","protected":false},"excerpt":{"rendered":"<p>O Instituto Federal de Mato Grosso do Sul (IFMS) promove nesta quarta-feira, 4, uma audi\u00eancia&#8230;<\/p>\n","protected":false},"author":1,"featured_media":0,"comment_status":"closed","ping_status":"closed","sticky":false,"template":"","format":"standard","meta":{"footnotes":""},"categories":[10],"tags":[],"class_list":["post-19458","post","type-post","status-publish","format-standard","hentry","category-educacao"],"_links":{"self":[{"href":"https:\/\/www.corumbaonline.com.br\/news\/wp-json\/wp\/v2\/posts\/19458","targetHints":{"allow":["GET"]}}],"collection":[{"href":"https:\/\/www.corumbaonline.com.br\/news\/wp-json\/wp\/v2\/posts"}],"about":[{"href":"https:\/\/www.corumbaonline.com.br\/news\/wp-json\/wp\/v2\/types\/post"}],"author":[{"embeddable":true,"href":"https:\/\/www.corumbaonline.com.br\/news\/wp-json\/wp\/v2\/users\/1"}],"replies":[{"embeddable":true,"href":"https:\/\/www.corumbaonline.com.br\/news\/wp-json\/wp\/v2\/comments?post=19458"}],"version-history":[{"count":1,"href":"https:\/\/www.corumbaonline.com.br\/news\/wp-json\/wp\/v2\/posts\/19458\/revisions"}],"predecessor-version":[{"id":19459,"href":"https:\/\/www.corumbaonline.com.br\/news\/wp-json\/wp\/v2\/posts\/19458\/revisions\/19459"}],"wp:attachment":[{"href":"https:\/\/www.corumbaonline.com.br\/news\/wp-json\/wp\/v2\/media?parent=19458"}],"wp:term":[{"taxonomy":"category","embeddable":true,"href":"https:\/\/www.corumbaonline.com.br\/news\/wp-json\/wp\/v2\/categories?post=19458"},{"taxonomy":"post_tag","embeddable":true,"href":"https:\/\/www.corumbaonline.com.br\/news\/wp-json\/wp\/v2\/tags?post=19458"}],"curies":[{"name":"wp","href":"https:\/\/api.w.org\/{rel}","templated":true}]}}