{"id":19522,"date":"2018-07-04T09:55:20","date_gmt":"2018-07-04T13:55:20","guid":{"rendered":"http:\/\/www.corumbaonline.com.br\/news\/?p=19522"},"modified":"2018-07-04T10:30:09","modified_gmt":"2018-07-04T14:30:09","slug":"judiciario-nao-tera-expediente-nesta-quarta-pelo-falecimento-do-desembargador-romero-osme-dias-lopes","status":"publish","type":"post","link":"https:\/\/www.corumbaonline.com.br\/news\/judiciario-nao-tera-expediente-nesta-quarta-pelo-falecimento-do-desembargador-romero-osme-dias-lopes\/","title":{"rendered":"Judici\u00e1rio n\u00e3o ter\u00e1 expediente nesta quarta pelo falecimento do desembargador Romero Osme Dias Lopes"},"content":{"rendered":"<div>Morreu nesta ter\u00e7a-feira, 03 de julho, o desembargador. Romero Osme Dias Lopes, Corregedor-Geral de Justi\u00e7a. O vel\u00f3rio est\u00e1 sendo realizado no Tribunal de Justi\u00e7a, desde as 8 horas desta quarta-feira (4). O sepultamento ser\u00e1 no\u00a0no cemit\u00e9rio Jardim das Palmeiras, pr\u00f3ximo da UCDB, \u00e0s 16 horas.<\/div>\n<div><\/div>\n<div>O Presidente do Tribunal de Justi\u00e7a de Mato Grosso do Sul, Des. Divoncir Schreiner Maran, decretou luto em todo o Estado, no \u00e2mbito do Poder Judici\u00e1rio Estadual, e, em raz\u00e3o disso, n\u00e3o haver\u00e1 expediente no Poder Judici\u00e1rio nesta quarta-feira (4).<\/div>\n<div><\/div>\n<div>Mineiro de Manhua\u00e7u, Romero ingressou na magistratura sul-mato-grossense em 1980. Ele assumiu suas fun\u00e7\u00f5es em setembro de 1980 e, em abril de 1983, por merecimento, foi promovido para atuar na 2\u00aa entr\u00e2ncia como juiz da 2\u00aa vara c\u00edvel em Aquidauana. Em setembro do mesmo ano, a pedido, foi removido para a comarca de Parana\u00edba.<\/div>\n<div><\/div>\n<div>Quatro anos depois, por antig\u00fcidade, recebeu outra promo\u00e7\u00e3o: desta vez para a entr\u00e2ncia especial e na Capital atuou na vara de Execu\u00e7\u00e3o Fiscal. Em abril de 2007, por permuta, foi removido para a 4\u00aa Vara de Fam\u00edlia, onde nem chegou a atuar, pois quando estava em transi\u00e7\u00e3o foi indicado para o Tribunal de Justi\u00e7a .<\/div>\n<div><\/div>\n<div>A experi\u00eancia em atuar como desembargador n\u00e3o foi nova para Romero. Em 2001, na aus\u00eancia do Des. Jorge Eust\u00e1cio da Silva Frias, foi designado para substitu\u00ed-lo. Em maio de 2007, foi promovido para ocupar o cargo de desembargador do Tribunal de Justi\u00e7a de Mato Grosso do Sul.<\/div>\n<div><\/div>\n<div>Foi respons\u00e1vel pela implanta\u00e7\u00e3o da concilia\u00e7\u00e3o e da media\u00e7\u00e3o no MS, quando Coordenador do N\u00facleo Permanente de M\u00e9todos Consensuais de Solu\u00e7\u00e3o de Conflitos do Tribunal de Justi\u00e7a de MS, al\u00e9m de autor de v\u00e1rias palestras nos circuitos universit\u00e1rios e em Congressos Jur\u00eddicos.<\/div>\n<div><\/div>\n<div>Na Associa\u00e7\u00e3o dos Magistrados de MS (Amamsul) foi diretor de Esporte, de 1989 a 1992; foi diretor de Comunica\u00e7\u00e3o, de 1993 a 2000, exercendo tamb\u00e9m a fun\u00e7\u00e3o de Editor-Chefe do peri\u00f3dico jur\u00eddico.<\/div>\n<div><\/div>\n<div>P\u00f3s-Graduado em Direito e Antropologia Filos\u00f3fica, lecionou na Escola Superior da Magistratura (Esmagis), na Universidade do Estado do Pantanal (UNIDERP) e na Universidade Cat\u00f3lica Dom Bosco (UCDB), na disciplina de Direito Tribut\u00e1rio, por 20 anos.<\/div>\n<div><\/div>\n<div>Foi juiz eleitoral da 36\u00aa Zona e membro do TRE\/MS. Foi juiz auxiliar da Corregedoria-Geral de Justi\u00e7a, por duas vezes. Foi Coordenador das Varas de Execu\u00e7\u00e3o Penal (COVEP). Tomou posse como Corregedor-Geral de Justi\u00e7a em 30 de janeiro de 2017. (Com Secretaria de Comunica\u00e7\u00e3o TJMS)<\/div>\n","protected":false},"excerpt":{"rendered":"<p>Morreu nesta ter\u00e7a-feira, 03 de julho, o desembargador. Romero Osme Dias Lopes, Corregedor-Geral de Justi\u00e7a&#8230;.<\/p>\n","protected":false},"author":1,"featured_media":19523,"comment_status":"closed","ping_status":"closed","sticky":false,"template":"","format":"standard","meta":{"footnotes":""},"categories":[14],"tags":[],"class_list":["post-19522","post","type-post","status-publish","format-standard","has-post-thumbnail","hentry","category-geral"],"_links":{"self":[{"href":"https:\/\/www.corumbaonline.com.br\/news\/wp-json\/wp\/v2\/posts\/19522","targetHints":{"allow":["GET"]}}],"collection":[{"href":"https:\/\/www.corumbaonline.com.br\/news\/wp-json\/wp\/v2\/posts"}],"about":[{"href":"https:\/\/www.corumbaonline.com.br\/news\/wp-json\/wp\/v2\/types\/post"}],"author":[{"embeddable":true,"href":"https:\/\/www.corumbaonline.com.br\/news\/wp-json\/wp\/v2\/users\/1"}],"replies":[{"embeddable":true,"href":"https:\/\/www.corumbaonline.com.br\/news\/wp-json\/wp\/v2\/comments?post=19522"}],"version-history":[{"count":1,"href":"https:\/\/www.corumbaonline.com.br\/news\/wp-json\/wp\/v2\/posts\/19522\/revisions"}],"predecessor-version":[{"id":19524,"href":"https:\/\/www.corumbaonline.com.br\/news\/wp-json\/wp\/v2\/posts\/19522\/revisions\/19524"}],"wp:featuredmedia":[{"embeddable":true,"href":"https:\/\/www.corumbaonline.com.br\/news\/wp-json\/wp\/v2\/media\/19523"}],"wp:attachment":[{"href":"https:\/\/www.corumbaonline.com.br\/news\/wp-json\/wp\/v2\/media?parent=19522"}],"wp:term":[{"taxonomy":"category","embeddable":true,"href":"https:\/\/www.corumbaonline.com.br\/news\/wp-json\/wp\/v2\/categories?post=19522"},{"taxonomy":"post_tag","embeddable":true,"href":"https:\/\/www.corumbaonline.com.br\/news\/wp-json\/wp\/v2\/tags?post=19522"}],"curies":[{"name":"wp","href":"https:\/\/api.w.org\/{rel}","templated":true}]}}