{"id":19550,"date":"2018-07-05T10:57:40","date_gmt":"2018-07-05T14:57:40","guid":{"rendered":"http:\/\/www.corumbaonline.com.br\/news\/?p=19550"},"modified":"2018-07-05T10:49:59","modified_gmt":"2018-07-05T14:49:59","slug":"acoes-contra-aedes-aegypti-prosseguem-equipes-da-saude-visitaram-38-mil-imoveis","status":"publish","type":"post","link":"https:\/\/www.corumbaonline.com.br\/news\/acoes-contra-aedes-aegypti-prosseguem-equipes-da-saude-visitaram-38-mil-imoveis\/","title":{"rendered":"A\u00e7\u00f5es contra Aedes aegypti prosseguem; equipes da Sa\u00fade visitaram 3,8 mil im\u00f3veis"},"content":{"rendered":"<p>Boletim epidemiol\u00f3gico da Vigil\u00e2ncia em Sa\u00fade mostra que durante a Semana 25 de 2018 (referente ao per\u00edodo de 17 a 23 de junho) foram visitados 3.890 im\u00f3veis nas atividades de rotina combate ao mosquito Aedes aegypti.<\/p>\n<p>&nbsp;<\/p>\n<p>Nestes locais, as equipes da Secretaria Municipal de Sa\u00fade realizaram a elimina\u00e7\u00e3o de focos, com o objetivo de impossibilitar o desenvolvimento do vetor e orienta\u00e7\u00e3o junto aos moradores para que evitem o ac\u00famulo de materiais que possam favorecer o dep\u00f3sito de ovos do mosquito transmissor da dengue, zika v\u00edrus e chikungunya.<\/p>\n<p>&nbsp;<\/p>\n<p>Houve realiza\u00e7\u00e3o de palestra educativa combate ao vetor Aedes aegypti na ESF Aeroporto I e II; o in\u00edcio de projeto com a comunidade pertencente ao CRAS II \u2013 bairro Guat\u00f3s e a\u00e7\u00e3o educativa com os moradores em torno do CCV para preven\u00e7\u00e3o contra os diversos vetores, orientando para a data certa das coletas de podas de \u00e1rvores, lixos dom\u00e9sticos nos locais apropriados.<\/p>\n<p>&nbsp;<\/p>\n<p>O boletim epidemiol\u00f3gico traz informa\u00e7\u00f5es referentes \u00e0 dengue, zika v\u00edrus; chikungunya; leishmaniose e viol\u00eancia e Vigil\u00e2ncia Ambiental em Sa\u00fade.\u00a0<strong>\u00a0<\/strong><\/p>\n<p><strong>\u00a0<\/strong><\/p>\n<p><strong>Dengue<\/strong><\/p>\n<p>&nbsp;<\/p>\n<p>At\u00e9 a semana 25 foram notificados 153 casos de Dengue, destes 08 foram confirmados. A dengue \u00e9 uma doen\u00e7a febril aguda, de origem viral e de evolu\u00e7\u00e3o benigna na forma cl\u00e1ssica, e grave quando se apresenta na forma hemorr\u00e1gica. Transmitida pelo mosquito Aedes aegypti, a dengue \u00e9 uma doen\u00e7a viral que se espalha rapidamente no mundo.<\/p>\n<p>&nbsp;<\/p>\n<p><strong>V\u00edrus Zika<\/strong><\/p>\n<p>&nbsp;<\/p>\n<p>At\u00e9 a semana 25 foram notificados 17 casos de Zika. A Zika \u00e9 uma doen\u00e7a viral aguda, transmitida principalmente, pelos mosquitos Aedes Aegypti e Aedes albopictus, caracterizada por exantema manchas avermelhadas na pele, febre, vermelhid\u00e3o nos olhos, dor nas articula\u00e7\u00f5es, dor de cabe\u00e7a e dores musculares. A maior parte dos casos apresentam evolu\u00e7\u00e3o benigna e os sintomas geralmente desaparecem espontaneamente ap\u00f3s 3-7 dias.<\/p>\n<p>&nbsp;<\/p>\n<p><strong>Chikungunya<\/strong><\/p>\n<p>&nbsp;<\/p>\n<p>At\u00e9 a semana 25 foram notificados 33 casos de Chikungunya destes, 04 casos foram confirmados. A transmiss\u00e3o se d\u00e1 atrav\u00e9s da picada de f\u00eameas dos mosquitos Aedes aegypti e Aedes albopictus infectadas pelo v\u00edrus. Casos de transmiss\u00e3o vertical (transmiss\u00e3o da m\u00e3e para o filho durante a gesta\u00e7\u00e3o ou durante o parto) podem ocorrer e, muitas vezes, provocam infec\u00e7\u00e3o neonatal grave. Pode ocorrer tamb\u00e9m transmiss\u00e3o por via transfusional (transfus\u00e3o de sangue), considerada rara de acordo com protocolos analisados.<\/p>\n<p>&nbsp;<\/p>\n<p><strong>Leishmaniose<\/strong><\/p>\n<p>&nbsp;<\/p>\n<p>At\u00e9 a semana epidemiol\u00f3gica 25, foram confirmados 03 casos de Leishmaniose Visceral nos bairros Cravo Vermelho III, Jardim dos Estados e Popular Nova. A leishmaniose visceral era, primariamente, uma zoonose caracterizada como doen\u00e7a de car\u00e1ter eminentemente rural. Mais recentemente, vem se expandindo para \u00e1reas urbanas de m\u00e9dio e grande porte e se tornou crescente problema de sa\u00fade p\u00fablica no pa\u00eds e em outras \u00e1reas do continente americano, sendo uma endemia em franca expans\u00e3o geogr\u00e1fica. \u00c9 uma doen\u00e7a, caracterizada por febre de longa dura\u00e7\u00e3o, perda de peso, fraqueza e anemia, dentre outras manifesta\u00e7\u00f5es. Quando n\u00e3o tratada, pode evoluir para \u00f3bito em mais de 90% dos casos. No Brasil, a forma de transmiss\u00e3o \u00e9 atrav\u00e9s da picada dos vetores Lutzomyia longipalpis, ou Lutzomyia cruzi, conhecidos popularmente por \u201cmosquito palha\u201d.<\/p>\n<p>&nbsp;<\/p>\n<p><strong>Influenza<\/strong><\/p>\n<p>&nbsp;<\/p>\n<p>At\u00e9 a semana epidemiol\u00f3gica 25 foram registrados 12 casos suspeitos de infec\u00e7\u00e3o pelo v\u00edrus influenza. Comumente conhecida como gripe, a Influenza \u00e9 uma doen\u00e7a viral febril, aguda, geralmente benigna e autolimitada. Frequentemente \u00e9 caracterizada por in\u00edcio abrupto dos sintomas, incluindo febre, calafrios, tremores, dor de cabe\u00e7a, dor muscular e perda de apetite, assim como sintomas respirat\u00f3rios com tosse seca, dor de garganta e coriza. A infec\u00e7\u00e3o geralmente dura uma semana. Algumas pessoas, como idosos, crian\u00e7as novas, gestantes e pessoas que apresentam outras enfermidades possuem um risco maior de desenvolver complica\u00e7\u00f5es devido \u00e0 influenza. A vacina\u00e7\u00e3o \u00e9 a interven\u00e7\u00e3o mais importante na redu\u00e7\u00e3o do impacto da influenza.<\/p>\n<p>&nbsp;<\/p>\n<p><strong>Conjuntivite<\/strong><\/p>\n<p>&nbsp;<\/p>\n<p>At\u00e9 semana 25 foram notificados 1304 casos de conjuntivite. A Conjuntivite \u00e9 a inflama\u00e7\u00e3o da conjuntiva, membrana transparente e fina que reveste a parte da frente do globo ocular (o branco dos olhos) e o interior das p\u00e1lpebras. Em geral, ataca os dois olhos, pode durar de uma semana a 15 dias e n\u00e3o costuma deixar sequelas. Ela pode ser aguda ou cr\u00f4nica, afetar um dos olhos ou os dois.<\/p>\n<p>&nbsp;<\/p>\n<p><strong>Monitoramento de doen\u00e7as diarreicas agudas<\/strong><\/p>\n<p>&nbsp;<\/p>\n<p>At\u00e9 a semana 25 foram registrados 2196 casos de Doen\u00e7as Diarreicas Agudas. Destes, 189 casos ocorreram crian\u00e7as menores de 01 ano, 650 em crian\u00e7as de 1 a 4 anos, 247 casos em crian\u00e7a de 5 a 9 anos e 1208 casos em crian\u00e7as com mais de 10 anos.<\/p>\n<p>&nbsp;<\/p>\n<p><strong>Acidentes e Viol\u00eancia<\/strong><\/p>\n<p>&nbsp;<\/p>\n<p>Na semana epidemiol\u00f3gica 25 foram realizados 25 atendimentos de pessoas em situa\u00e7\u00e3o de viol\u00eancia nas unidades de sa\u00fade da REDESUS, com preenchimento da ficha de notifica\u00e7\u00e3o de viol\u00eancia.<\/p>\n<p>&nbsp;<\/p>\n<p>Os acidentes e as viol\u00eancias correspondem \u00e0s causas externas de morbidade e mortalidade. Acidentes englobam as quedas, o envenenamento, o afogamento, as queimaduras, o acidente de tr\u00e2nsito, entre outros. Viol\u00eancias s\u00e3o eventos considerados intencionais e compreendem a agress\u00e3o, o homic\u00eddio, a viol\u00eancia sexual, a neglig\u00eancia\/abandono, a viol\u00eancia psicol\u00f3gica, a les\u00e3o autoprovocada, entre outras. Tanto os acidentes quanto as viol\u00eancias s\u00e3o eventos pass\u00edveis de preven\u00e7\u00e3o.<\/p>\n","protected":false},"excerpt":{"rendered":"<p>Boletim epidemiol\u00f3gico da Vigil\u00e2ncia em Sa\u00fade mostra que durante a Semana 25 de 2018 (referente&#8230;<\/p>\n","protected":false},"author":1,"featured_media":19552,"comment_status":"closed","ping_status":"closed","sticky":false,"template":"","format":"standard","meta":{"footnotes":""},"categories":[8,21],"tags":[],"class_list":["post-19550","post","type-post","status-publish","format-standard","has-post-thumbnail","hentry","category-destaque","category-saude"],"_links":{"self":[{"href":"https:\/\/www.corumbaonline.com.br\/news\/wp-json\/wp\/v2\/posts\/19550","targetHints":{"allow":["GET"]}}],"collection":[{"href":"https:\/\/www.corumbaonline.com.br\/news\/wp-json\/wp\/v2\/posts"}],"about":[{"href":"https:\/\/www.corumbaonline.com.br\/news\/wp-json\/wp\/v2\/types\/post"}],"author":[{"embeddable":true,"href":"https:\/\/www.corumbaonline.com.br\/news\/wp-json\/wp\/v2\/users\/1"}],"replies":[{"embeddable":true,"href":"https:\/\/www.corumbaonline.com.br\/news\/wp-json\/wp\/v2\/comments?post=19550"}],"version-history":[{"count":1,"href":"https:\/\/www.corumbaonline.com.br\/news\/wp-json\/wp\/v2\/posts\/19550\/revisions"}],"predecessor-version":[{"id":19551,"href":"https:\/\/www.corumbaonline.com.br\/news\/wp-json\/wp\/v2\/posts\/19550\/revisions\/19551"}],"wp:featuredmedia":[{"embeddable":true,"href":"https:\/\/www.corumbaonline.com.br\/news\/wp-json\/wp\/v2\/media\/19552"}],"wp:attachment":[{"href":"https:\/\/www.corumbaonline.com.br\/news\/wp-json\/wp\/v2\/media?parent=19550"}],"wp:term":[{"taxonomy":"category","embeddable":true,"href":"https:\/\/www.corumbaonline.com.br\/news\/wp-json\/wp\/v2\/categories?post=19550"},{"taxonomy":"post_tag","embeddable":true,"href":"https:\/\/www.corumbaonline.com.br\/news\/wp-json\/wp\/v2\/tags?post=19550"}],"curies":[{"name":"wp","href":"https:\/\/api.w.org\/{rel}","templated":true}]}}