{"id":19569,"date":"2018-07-05T16:36:38","date_gmt":"2018-07-05T20:36:38","guid":{"rendered":"http:\/\/www.corumbaonline.com.br\/news\/?p=19569"},"modified":"2018-07-05T16:38:54","modified_gmt":"2018-07-05T20:38:54","slug":"alunos-do-sesi-de-tres-lagoas-e-aparecida-do-taboado-apresentam-projetos-inovadores-na-olimpiada-do-conhecimento","status":"publish","type":"post","link":"https:\/\/www.corumbaonline.com.br\/news\/alunos-do-sesi-de-tres-lagoas-e-aparecida-do-taboado-apresentam-projetos-inovadores-na-olimpiada-do-conhecimento\/","title":{"rendered":"Alunos do Sesi de Tr\u00eas Lagoas e Aparecida do Taboado apresentam projetos inovadores na Olimp\u00edada do Conhecimento"},"content":{"rendered":"<p>Os alunos das escolas do Sesi de Tr\u00eas Lagoas e Aparecida do Taboado integram o grupo de estudantes da rede nacional de ensino da institui\u00e7\u00e3o e apresentam projetos inovadores na 10\u00aa edi\u00e7\u00e3o da Olimp\u00edada do Conhecimento, realizada entre 5 e 8 de julho, no CICB (Centro Internacional de Conven\u00e7\u00f5es do Brasil), em Bras\u00edlia (DF). O evento \u00e9 promovido pelo Sesi e Senai para estimular o interesse dos jovens pela educa\u00e7\u00e3o profissional e apontar as tend\u00eancias do mercado de trabalho.<\/p>\n<p>&nbsp;<\/p>\n<p>Integrantes do grupo de inicia\u00e7\u00e3o cient\u00edfica da Escola do Sesi de Aparecida do Taboado, os alunos Gabriel Felipe Pav\u00e3o, Karolyna Michaella da Silva e Paulo Eduardo Souza foram apresentar um tubete usado para o plantio de mudas de hortali\u00e7as, confeccionado a partir de celulose reciclada associada a substratos org\u00e2nicos. Na Escola do Sesi de Tr\u00eas Lagoas, os estudantes Elian Abr\u00e3o, Renata Pereira e Let\u00edcia da Silva criaram um gerador de energia com im\u00e3s neod\u00edmio a partir de im\u00e3s encontrados em HDs queimados que seriam descartados na natureza.<\/p>\n<p>&nbsp;<\/p>\n<p>Para o superintendente do Sesi, Bergson Amarilla, os projetos s\u00e3o bastante inovadores e a participa\u00e7\u00e3o na Olimp\u00edada do Conhecimento contribui para a forma\u00e7\u00e3o dos jovens enquanto profissionais do futuro. \u201cEstamos constantemente discutindo a Escola do Futuro e a Ind\u00fastria 4.0 e este momento \u00e9 uma oportunidade para nossos alunos e professores avan\u00e7arem nessa dire\u00e7\u00e3o ao interagir com estudantes de outras escolas do Pa\u00eds e conhecer projetos do Sesi e Senai\u201d, avaliou.<\/p>\n<p>&nbsp;<\/p>\n<p>Gerente de educa\u00e7\u00e3o do Sesi, Simone Cruz destaca o contato dos alunos e equipe pedag\u00f3gica da institui\u00e7\u00e3o com o que h\u00e1 de mais moderno em termos de tecnologia e inova\u00e7\u00e3o. \u201cFavorecer o desenvolvimento da inicia\u00e7\u00e3o cient\u00edfica na educa\u00e7\u00e3o b\u00e1sica \u00e9 extremamente estimulante para a constru\u00e7\u00e3o da autonomia intelectual dos alunos, preparando seus olhares para o mundo a sua e volta e desenvolvendo habilidades de resolver problemas. Culminar este trabalho em eventos de pesquisa e inova\u00e7\u00e3o e oportunidade \u00fanica de desenvolvimento\u201d, acrescentou.<\/p>\n<p>&nbsp;<\/p>\n<p><strong>Aparecida do Taboado<\/strong><\/p>\n<p>&nbsp;<\/p>\n<p>A ideia dos alunos da Escola do Sesi de Aparecida do Taboado surgiu quando eles identificaram que, na maioria das hortas, as mudas s\u00e3o plantadas com materiais de pl\u00e1stico, gerando ac\u00famulo de lixo. \u201cO \u2018sacol\u00e9\u2019, como \u00e9 chamado, \u00e9 ecologicamente incorreto, por ser um pl\u00e1stico depositado na natureza. Ent\u00e3o, a partir deste problema desenvolvemos o nosso projeto, um tubete biodegrad\u00e1vel que tem o intuito de auxiliar no plantio das mudas com substratos\u201d, explicou o estudante Gabriel Pav\u00e3o.<\/p>\n<p>&nbsp;<\/p>\n<p>Segundo o aluno, que est\u00e1 na 1\u00aa s\u00e9rie do Ensino M\u00e9dio, foram realizados testes com diversas mat\u00e9rias org\u00e2nicas at\u00e9 chegar a um tubete com a composi\u00e7\u00e3o ideal para um plantio sustent\u00e1vel. \u201cChegamos a uma combina\u00e7\u00e3o final de esterco, terra vermelha, raspa de carv\u00e3o e mato, que j\u00e1 foi testado em uma horta e s\u00f3 de olhar para as hortali\u00e7as era not\u00e1vel que elas estavam muito bonitas, em m\u00e9dia 10 cent\u00edmetros maiores que o tamanho normal\u201d, assegurou.<\/p>\n<p>&nbsp;<\/p>\n<p>Orientador do projeto, o professor articulador da inicia\u00e7\u00e3o cient\u00edfica Vinicius Agostini Machado avalia que a participa\u00e7\u00e3o no evento contribui para que os alunos entendam a responsabilidade que eles det\u00eam sobre a constru\u00e7\u00e3o de um futuro melhor. \u201cTem sido um momento fant\u00e1stico compartilhar experi\u00eancias com outros visitantes e alunos de outros grupos, neste ambiente rico e interativo\u201d, disse.<\/p>\n<p>&nbsp;<\/p>\n<p><strong>Tr\u00eas Lagoas<\/strong><\/p>\n<p>&nbsp;<\/p>\n<p>Sob orienta\u00e7\u00e3o do professor Celson Andr\u00e9 de Lima J\u00fanior, os alunos da Escola do Sesi de Tr\u00eas Lagoas desenvolveram o gerador de energia que, conforme as pesquisas dos estudantes, j\u00e1 t\u00eam uma aplica\u00e7\u00e3o pr\u00e1tica: pode ser usado nas ind\u00fastrias, que usam ventiladores nos tetos para climatizar o ambiente de trabalho, al\u00e9m de reduzir a gera\u00e7\u00e3o de lixo eletr\u00f4nico.<\/p>\n<p>&nbsp;<\/p>\n<p>\u201cDesde o in\u00edcio pensamos em criar um projeto que fosse desenvolvido para ser limpo e renov\u00e1vel, j\u00e1 que a maioria da energia que existe hoje \u00e9 poluente e, muitas vezes, n\u00e3o-renov\u00e1veis. Ent\u00e3o tivemos a ideia de pegar esses im\u00e3s, que s\u00e3o encontrados em HDs queimados, e criar o gerador de energia. Fizemos diversos testes com outros materiais, como rodas de bicicleta, spinner e exaustores, at\u00e9 pensarmos em colocar indutores como engrenagens que, com pouca movimenta\u00e7\u00e3o, conseguem um alto aproveitamento, gerando bastante energia\u201d, descreveu a aluna Renata Pereira, que tamb\u00e9m estuda na 1\u00aa s\u00e9rie do Ensino M\u00e9dio.<\/p>\n<p>&nbsp;<\/p>\n<p>Para o professor Celson J\u00fanior, a participa\u00e7\u00e3o dos alunos na Olimp\u00edada do Conhecimento \u00e9 um momento para que aprimorem o conhecimento e desenvolvam ideias para aprimorar o projeto. \u201cEste \u00e9 um momento para que os alunos adquiram muita experi\u00eancia, tanto cient\u00edfica quanto cultural, algo que, de modo geral, n\u00e3o se v\u00ea na educa\u00e7\u00e3o b\u00e1sica, e o Sesi est\u00e1 proporcionando isso e inspirando docentes e alunos para que se aperfei\u00e7oem cada vez mais neste caminho\u201d, concluiu.<\/p>\n<p>&nbsp;<\/p>\n<p><strong>A competi\u00e7\u00e3o<\/strong><\/p>\n<p>&nbsp;<\/p>\n<p>A Olimp\u00edada do Conhecimento 2018 apresenta, em um espa\u00e7o de 25 mil m\u00b2, a Cidade Inteligente e a Escola do Futuro. Nesses ambientes, o Sesi e o Senai est\u00e3o mostrando inova\u00e7\u00f5es que prometem melhorar a qualidade de vida nos centros urbanos e revolucionar a educa\u00e7\u00e3o.<\/p>\n<p>&nbsp;<\/p>\n<p>A Olimp\u00edada \u00e9 uma forma de estimular o interesse dos jovens pela educa\u00e7\u00e3o profissional e apontar as tend\u00eancias no mundo do trabalho. Nesta edi\u00e7\u00e3o, o evento busca conscientizar os brasileiros da import\u00e2ncia da forma\u00e7\u00e3o dos profissionais respons\u00e1veis pela sociedade do futuro. Durante o evento, tamb\u00e9m ser\u00e1 realizada a seletiva para a Worldskills 2019, que ser\u00e1 promovida no pr\u00f3ximo ano em Kazan, na R\u00fassia.<\/p>\n","protected":false},"excerpt":{"rendered":"<p>Os alunos das escolas do Sesi de Tr\u00eas Lagoas e Aparecida do Taboado integram o&#8230;<\/p>\n","protected":false},"author":1,"featured_media":19570,"comment_status":"closed","ping_status":"closed","sticky":false,"template":"","format":"standard","meta":{"footnotes":""},"categories":[10],"tags":[],"class_list":["post-19569","post","type-post","status-publish","format-standard","has-post-thumbnail","hentry","category-educacao"],"_links":{"self":[{"href":"https:\/\/www.corumbaonline.com.br\/news\/wp-json\/wp\/v2\/posts\/19569","targetHints":{"allow":["GET"]}}],"collection":[{"href":"https:\/\/www.corumbaonline.com.br\/news\/wp-json\/wp\/v2\/posts"}],"about":[{"href":"https:\/\/www.corumbaonline.com.br\/news\/wp-json\/wp\/v2\/types\/post"}],"author":[{"embeddable":true,"href":"https:\/\/www.corumbaonline.com.br\/news\/wp-json\/wp\/v2\/users\/1"}],"replies":[{"embeddable":true,"href":"https:\/\/www.corumbaonline.com.br\/news\/wp-json\/wp\/v2\/comments?post=19569"}],"version-history":[{"count":1,"href":"https:\/\/www.corumbaonline.com.br\/news\/wp-json\/wp\/v2\/posts\/19569\/revisions"}],"predecessor-version":[{"id":19571,"href":"https:\/\/www.corumbaonline.com.br\/news\/wp-json\/wp\/v2\/posts\/19569\/revisions\/19571"}],"wp:featuredmedia":[{"embeddable":true,"href":"https:\/\/www.corumbaonline.com.br\/news\/wp-json\/wp\/v2\/media\/19570"}],"wp:attachment":[{"href":"https:\/\/www.corumbaonline.com.br\/news\/wp-json\/wp\/v2\/media?parent=19569"}],"wp:term":[{"taxonomy":"category","embeddable":true,"href":"https:\/\/www.corumbaonline.com.br\/news\/wp-json\/wp\/v2\/categories?post=19569"},{"taxonomy":"post_tag","embeddable":true,"href":"https:\/\/www.corumbaonline.com.br\/news\/wp-json\/wp\/v2\/tags?post=19569"}],"curies":[{"name":"wp","href":"https:\/\/api.w.org\/{rel}","templated":true}]}}