{"id":19572,"date":"2018-07-05T16:51:09","date_gmt":"2018-07-05T20:51:09","guid":{"rendered":"http:\/\/www.corumbaonline.com.br\/news\/?p=19572"},"modified":"2018-07-05T16:45:13","modified_gmt":"2018-07-05T20:45:13","slug":"cursos-em-diversas-areas-estao-com-inscricoes-abertas-no-senac-corumba-3","status":"publish","type":"post","link":"https:\/\/www.corumbaonline.com.br\/news\/cursos-em-diversas-areas-estao-com-inscricoes-abertas-no-senac-corumba-3\/","title":{"rendered":"Cursos em diversas \u00e1reas est\u00e3o com inscri\u00e7\u00f5es abertas no Senac Corumb\u00e1"},"content":{"rendered":"<p>Quem busca por forma\u00e7\u00e3o profissional encontra op\u00e7\u00f5es variadas no Senac de Corumb\u00e1, que est\u00e1 com inscri\u00e7\u00f5es abertas para sete cursos com in\u00edcio neste m\u00eas de julho. As op\u00e7\u00f5es s\u00e3o nas \u00e1reas de gest\u00e3o, inform\u00e1tica e beleza.<\/p>\n<p>Um dos cursos \u00e9 o de\u00a0<b>Automaquiagem<\/b>, com in\u00edcio dia 07 de julho, aos s\u00e1bados, das 8h \u00e0s 12h. Para participar \u00e9 necess\u00e1rio ter no m\u00ednimo 16 anos e ensino fundamental incompleto. O curso ensina desde o b\u00e1sico da maquiagem, como fazer uma pele perfeita com aspecto natural, aplica\u00e7\u00e3o correta de cada produto, at\u00e9 dicas mais elaboradas como quais as cores que combinam com voc\u00ea, os pinc\u00e9is e seus efeitos espec\u00edficos, e muitos outros truques para real\u00e7ar os pontos fortes do seu rosto.<\/p>\n<p>Outra op\u00e7\u00e3o \u00e9 o curso\u00a0<b>Design de Sobrancelha<\/b>, que proporciona aos participantes o aprendizado correto da modelagem de sobrancelhas atrav\u00e9s da simetria facial, com utiliza\u00e7\u00e3o do paqu\u00edmetro e das t\u00e9cnicas de visagismo adequada ao perfil do rosto e necessidade do cliente. O curso tem in\u00edcio dia 16 de julho e ser\u00e1 realizado de segunda a sexta-feira, das 18h45 \u00e0s 22h.<\/p>\n<p>Ainda na \u00e1rea da beleza tem o curso de\u00a0<b>Depilador<\/b>, que qualifica o profissional para a realiza\u00e7\u00e3o de procedimentos de depila\u00e7\u00e3o facial e corporal, utilizando t\u00e9cnicas e produtos adequados, com o objetivo de satisfazer as condi\u00e7\u00f5es de higiene, sa\u00fade e bem-estar do cliente. As aulas t\u00eam in\u00edcio dia 23 de julho, de segunda a sexta-feira, das 18h45 \u00e0s 22h.<\/p>\n<p>Na \u00e1rea da gest\u00e3o a op\u00e7\u00e3o \u00e9 o curso\u00a0<b>Assistente de Recursos Humanos<\/b>, com 160 horas e in\u00edcio dia 16 de julho.O profissional atua nos processos relativos aos subsistemas de provis\u00e3o, desenvolvimento, aplica\u00e7\u00e3o e manuten\u00e7\u00e3o, cujas atividades est\u00e3o sob a responsabilidade do setor de Recursos Humanos de empresas dos segmentos de com\u00e9rcio de bens, servi\u00e7os e turismo, da ind\u00fastria, bem como \u00f3rg\u00e3os p\u00fablicos e institui\u00e7\u00f5es de ensino e pesquisa.<\/p>\n<p>Confira as op\u00e7\u00f5es na \u00e1rea da inform\u00e1tica:<\/p>\n<p>&#8211;\u00a0<b>Inform\u00e1tica B\u00e1sica para a Melhor Idade<\/b>\u00a0&#8211; Tem como objetivo tornar a comunidade da terceira idade ativa nos meios tecnol\u00f3gicos e propiciar o conhecimento dos recursos b\u00e1sicos do sistema operacional Windows, processador de textos word, navega\u00e7\u00e3o na Internet e utiliza\u00e7\u00e3o de e-mail. As aulas come\u00e7am dia 16 de julho.<\/p>\n<p>&#8211;\u00a0<b>CorelDRAW e Photoshop &#8211; Ilustra\u00e7\u00e3o Digital e Tratamento de Imagem\u00a0<\/b>&#8211; Capacita o aluno para criar e desenvolver ilustra\u00e7\u00f5es vetoriais e layout de p\u00e1ginas para meios impressos ou digitais, utilizando os recursos e ferramentas do CorelDRAW. As aulas t\u00eam in\u00edcio dia 17 de julho, das 18h45 \u00e0s 22h, \u00e0s ter\u00e7as e quintas.<\/p>\n<p>&#8211;\u00a0<b>Operador de Computador<\/b>, com in\u00edcio dia 23 de julho. Os participantes aprendem a instalar e configurar sistemas operacionais, aplicativos de escrit\u00f3rio e perif\u00e9ricos. Al\u00e9m de aprender opera\u00e7\u00f5es b\u00e1sicas do computador, o aluno desenvolve compet\u00eancias para realizar trabalhos de suporte, como instalar e desinstalar programas. Para participar \u00e9 preciso idade m\u00ednima de 15 anos e ensino fundamental incompleto.<\/p>\n","protected":false},"excerpt":{"rendered":"<p>Quem busca por forma\u00e7\u00e3o profissional encontra op\u00e7\u00f5es variadas no Senac de Corumb\u00e1, que est\u00e1 com&#8230;<\/p>\n","protected":false},"author":1,"featured_media":0,"comment_status":"closed","ping_status":"closed","sticky":false,"template":"","format":"standard","meta":{"footnotes":""},"categories":[10],"tags":[],"class_list":["post-19572","post","type-post","status-publish","format-standard","hentry","category-educacao"],"_links":{"self":[{"href":"https:\/\/www.corumbaonline.com.br\/news\/wp-json\/wp\/v2\/posts\/19572","targetHints":{"allow":["GET"]}}],"collection":[{"href":"https:\/\/www.corumbaonline.com.br\/news\/wp-json\/wp\/v2\/posts"}],"about":[{"href":"https:\/\/www.corumbaonline.com.br\/news\/wp-json\/wp\/v2\/types\/post"}],"author":[{"embeddable":true,"href":"https:\/\/www.corumbaonline.com.br\/news\/wp-json\/wp\/v2\/users\/1"}],"replies":[{"embeddable":true,"href":"https:\/\/www.corumbaonline.com.br\/news\/wp-json\/wp\/v2\/comments?post=19572"}],"version-history":[{"count":1,"href":"https:\/\/www.corumbaonline.com.br\/news\/wp-json\/wp\/v2\/posts\/19572\/revisions"}],"predecessor-version":[{"id":19573,"href":"https:\/\/www.corumbaonline.com.br\/news\/wp-json\/wp\/v2\/posts\/19572\/revisions\/19573"}],"wp:attachment":[{"href":"https:\/\/www.corumbaonline.com.br\/news\/wp-json\/wp\/v2\/media?parent=19572"}],"wp:term":[{"taxonomy":"category","embeddable":true,"href":"https:\/\/www.corumbaonline.com.br\/news\/wp-json\/wp\/v2\/categories?post=19572"},{"taxonomy":"post_tag","embeddable":true,"href":"https:\/\/www.corumbaonline.com.br\/news\/wp-json\/wp\/v2\/tags?post=19572"}],"curies":[{"name":"wp","href":"https:\/\/api.w.org\/{rel}","templated":true}]}}