{"id":19580,"date":"2018-07-09T08:17:17","date_gmt":"2018-07-09T12:17:17","guid":{"rendered":"http:\/\/www.corumbaonline.com.br\/news\/?p=19580"},"modified":"2018-07-09T07:55:34","modified_gmt":"2018-07-09T11:55:34","slug":"prefeito-marcelo-iunes-convoca-120-aprovados-no-concurso-da-educacao","status":"publish","type":"post","link":"https:\/\/www.corumbaonline.com.br\/news\/prefeito-marcelo-iunes-convoca-120-aprovados-no-concurso-da-educacao\/","title":{"rendered":"Prefeito Marcelo Iunes convoca 120 aprovados no concurso da Educa\u00e7\u00e3o"},"content":{"rendered":"<p>O prefeito Marcelo Iunes convocou 120 candidatos aprovados no concurso p\u00fablico de provas e t\u00edtulos realizado pela Prefeitura de Corumb\u00e1 para provimento de cargos de n\u00edvel m\u00e9dio e superior na Secretaria Municipal de Educa\u00e7\u00e3o. A portaria 518 est\u00e1 publicada no<em><strong><a href=\"http:\/\/do.corumba.ms.gov.br\/portal\/edicoes\/download\/3104\" target=\"_blank\" rel=\"noopener noreferrer\">\u00a0DIOCORUMB\u00c1\u00a0<\/a><\/strong><\/em>da \u00faltima sexta-feira, 6 de julho. Os convocados para os exames cl\u00ednicos admissionais dever\u00e3o comparecer munidos de documentos com foto e exames j\u00e1 realizados conforme rela\u00e7\u00e3o abaixo:<\/p>\n<p>&nbsp;<\/p>\n<p>Profissional de Educa\u00e7\u00e3o \u2013 Professor de 1\u00b0 ao 5\u00b0 ano; Profissional de Educa\u00e7\u00e3o \u2013 Professor de 1\u00b0 ao 5\u00b0 ano \u2013 Pessoa com defici\u00eancia; Profissional de Educa\u00e7\u00e3o \u2013 Professor de Educa\u00e7\u00e3o Infantil; Profissional de Educa\u00e7\u00e3o \u2013 Professor de Educa\u00e7\u00e3o Infantil \u2013 Pessoa com defici\u00eancia; Profissional de Educa\u00e7\u00e3o \u2013 Professor de Artes; Profissional de Educa\u00e7\u00e3o \u2013 Professor de Educa\u00e7\u00e3o F\u00edsica; Profissional de Educa\u00e7\u00e3o \u2013 Professor de Geografia; Profissional de Educa\u00e7\u00e3o \u2013 Professor de Hist\u00f3ria;<\/p>\n<p>&nbsp;<\/p>\n<p>Profissional de Educa\u00e7\u00e3o \u2013 Professor de L\u00edngua Estrangeira Moderna \u2013 Ingl\u00eas; Profissional de Educa\u00e7\u00e3o \u2013 Professor de L\u00edngua Estrangeira Moderna \u2013 Espanhol; Profissional de Educa\u00e7\u00e3o \u2013 Professor de L\u00edngua Portuguesa e Ingl\u00eas; Gestor de Atividades Educacionais \u2013 Gestor de Obras e Projetos \u2013 Engenheiro Civil; Gestor de Atividades Educacionais \u2013 Gestor de Atividades Educacionais \u2013 Fonoaudi\u00f3logo; T\u00e9cnico de Organiza\u00e7\u00e3o Escolar II \u2013 T\u00e9cnico de Educa\u00e7\u00e3o Infantil; T\u00e9cnico de Organiza\u00e7\u00e3o Escolar II \u2013 T\u00e9cnico de Educa\u00e7\u00e3o Infantil \u2013 Pessoa com defici\u00eancia.<\/p>\n<p>&nbsp;<\/p>\n<p>Os candidatos devem apresentar os seguintes exames m\u00e9dicos: RX de T\u00f3rax PA, RX Coluna Cervical e Lombar, Eletrocardiograma, Hemograma, Glicemia, Tipo e Fator Sangu\u00edneo, Ureia, Creatinina, Gama Glutamil Transferase (GGT) e Laudo Avalia\u00e7\u00e3o Psicol\u00f3gica. Em todos os exames complementares, al\u00e9m do nome do candidato, dever\u00e1 constar, obrigatoriamente, a assinatura do profissional e o registro no \u00f3rg\u00e3o de classe espec\u00edfico do profissional respons\u00e1vel.<\/p>\n<p>&nbsp;<\/p>\n<p>A partir da avalia\u00e7\u00e3o m\u00e9dica e da avalia\u00e7\u00e3o dos exames complementares, o candidato ser\u00e1 considerado \u201capto\u201d ou \u201cinapto\u201d para o exerc\u00edcio do cargo. A n\u00e3o apresenta\u00e7\u00e3o dos exames implicar\u00e1 na elimina\u00e7\u00e3o do cargo. Os candidatos que concorrem \u00e0 reserva de vagas para PcD, dever\u00e3o apresentar laudo m\u00e9dico original informando a esp\u00e9cie e o grau\/n\u00edvel da defici\u00eancia, bem como sua prov\u00e1vel causa, com expressa refer\u00eancia ao c\u00f3digo correspondente da Classifica\u00e7\u00e3o Internacional de Doen\u00e7as (CID-10) emitido nos \u00faltimos 90 (noventa) dias, contados da nomea\u00e7\u00e3o.<\/p>\n<p>&nbsp;<\/p>\n<p><strong>Exames cl\u00ednicos e entrega de documentos<\/strong><\/p>\n<p>&nbsp;<\/p>\n<p>Os exames cl\u00ednicos admissionais ser\u00e3o realizados nos dias 23, 24, 25 e 26 de julho na Per\u00edcia M\u00e9dica Municipal, localizada na Rua Major Gama, n\u00b0 782, Centro, Antiga Cl\u00ednica Prontomed, conforme cronograma especificado no Edital 01\/2018, tamb\u00e9m publicado no DIOCORUMB\u00c1 desta sexta-feira. J\u00e1 a entrega dos documentos e a posse dos candidatos ser\u00e3o realizadas no Audit\u00f3rio da Prefeitura Municipal de Corumb\u00e1, localizado na Avenida Gabriel Vandoni de Barros, n\u00ba 01, bairro Dom Bosco.<\/p>\n<p>&nbsp;<\/p>\n<p>Dever\u00e3o ser entregues, para habilita\u00e7\u00e3o \u00e0 posse, nos dias 16 e 17 de julho, os seguintes documentos: c\u00f3pia do documento de identidade (RG); c\u00f3pia da inscri\u00e7\u00e3o no Cadastro de Pessoa F\u00edsica \u2013 CPF\/MF; c\u00f3pia do comprovante de resid\u00eancia (conta energia, \u00e1gua ou telefone fixo); c\u00f3pia do t\u00edtulo de eleitor e comprova\u00e7\u00e3o de estar quite com as obriga\u00e7\u00f5es eleitorais (elei\u00e7\u00e3o 2016); indica\u00e7\u00e3o do n\u00famero de cadastramento no PIS\/PASEP, se for cadastrado; c\u00f3pia do comprovante da escolaridade exigida para ocupar o cargo e exercer a fun\u00e7\u00e3o de nomea\u00e7\u00e3o (diploma e\/ou certificado);<\/p>\n<p>&nbsp;<\/p>\n<p>C\u00f3pia do certificado de reservista das for\u00e7as armadas, em caso de candidato do sexo masculino; certid\u00f5es passadas pela Justi\u00e7a Estadual e Federal, observando o domic\u00edlio do candidato, de n\u00e3o possuir condena\u00e7\u00e3o criminal com tr\u00e2nsito em julgado, nos 5 (cinco) anos anteriores \u00e0 data de abertura do concurso (em 13.03.2018); c\u00f3pia do documento de registro no \u00f3rg\u00e3o de fiscaliza\u00e7\u00e3o profissional, para os candidatos que v\u00e3o exercer fun\u00e7\u00f5es correspondentes a profiss\u00f5es regulamentadas;<\/p>\n<p>&nbsp;<\/p>\n<p>C\u00f3pia da certid\u00e3o de nascimento ou casamento, se for o caso; c\u00f3pia da certid\u00e3o de nascimento dos filhos dependentes e outros equiparados e c\u00f3pia do documento de identidade e inscri\u00e7\u00e3o no Cadastro de Pessoa F\u00edsica \u2013 CPF\/MF para os dependentes e outros equiparados maiores de 14 anos; duas fotos 3&#215;4, recente; declara\u00e7\u00e3o que n\u00e3o ocupa cargo, emprego ou fun\u00e7\u00e3o p\u00fablica e n\u00e3o acumula proventos de aposentadoria pago por previd\u00eancia p\u00fablica federal, estadual ou municipal (este documento estar\u00e1 dispon\u00edvel no local e ser\u00e1 preenchido pelo candidato no dia da posse);<\/p>\n<p>&nbsp;<\/p>\n<p>Declara\u00e7\u00e3o de n\u00e3o ter sido demitido por justa causa por \u00f3rg\u00e3o ou entidade da Administra\u00e7\u00e3o P\u00fablica federal, estadual ou municipal, nos \u00faltimos cinco anos (este documento estar\u00e1 dispon\u00edvel no local e ser\u00e1 preenchido pelo candidato no dia da posse); declara\u00e7\u00e3o que n\u00e3o possui impedimentos para a posse como: participa\u00e7\u00e3o em empresa que mant\u00e9m contratos com o ente p\u00fablico, bem como participa\u00e7\u00e3o em ger\u00eancia ou administra\u00e7\u00e3o de sociedade privada, personificada ou n\u00e3o personificada (este documento estar\u00e1 dispon\u00edvel no local e ser\u00e1 preenchido pelo candidato no dia da posse);<\/p>\n<p>&nbsp;<\/p>\n<p>Declara\u00e7\u00e3o de bens (este documento estar\u00e1 dispon\u00edvel no local e ser\u00e1 preenchido pelo candidato no dia da posse); e boletim de inspe\u00e7\u00e3o da junta de per\u00edcia m\u00e9dica, atestando que o candidato goza de boa sa\u00fade f\u00edsica e mental (este documento ser\u00e1 preenchido no dia da per\u00edcia m\u00e9dica). A posse dos candidatos ser\u00e1 nos dias 30 e 31 e julho e 01\u00ba de agosto, conforme cronograma, devendo o candidato que for requerer prorroga\u00e7\u00e3o de posse, protocolar o seu pedido at\u00e9 estas datas.<\/p>\n","protected":false},"excerpt":{"rendered":"<p>O prefeito Marcelo Iunes convocou 120 candidatos aprovados no concurso p\u00fablico de provas e t\u00edtulos&#8230;<\/p>\n","protected":false},"author":1,"featured_media":19581,"comment_status":"closed","ping_status":"closed","sticky":false,"template":"","format":"standard","meta":{"footnotes":""},"categories":[6],"tags":[],"class_list":["post-19580","post","type-post","status-publish","format-standard","has-post-thumbnail","hentry","category-concurso"],"_links":{"self":[{"href":"https:\/\/www.corumbaonline.com.br\/news\/wp-json\/wp\/v2\/posts\/19580","targetHints":{"allow":["GET"]}}],"collection":[{"href":"https:\/\/www.corumbaonline.com.br\/news\/wp-json\/wp\/v2\/posts"}],"about":[{"href":"https:\/\/www.corumbaonline.com.br\/news\/wp-json\/wp\/v2\/types\/post"}],"author":[{"embeddable":true,"href":"https:\/\/www.corumbaonline.com.br\/news\/wp-json\/wp\/v2\/users\/1"}],"replies":[{"embeddable":true,"href":"https:\/\/www.corumbaonline.com.br\/news\/wp-json\/wp\/v2\/comments?post=19580"}],"version-history":[{"count":1,"href":"https:\/\/www.corumbaonline.com.br\/news\/wp-json\/wp\/v2\/posts\/19580\/revisions"}],"predecessor-version":[{"id":19582,"href":"https:\/\/www.corumbaonline.com.br\/news\/wp-json\/wp\/v2\/posts\/19580\/revisions\/19582"}],"wp:featuredmedia":[{"embeddable":true,"href":"https:\/\/www.corumbaonline.com.br\/news\/wp-json\/wp\/v2\/media\/19581"}],"wp:attachment":[{"href":"https:\/\/www.corumbaonline.com.br\/news\/wp-json\/wp\/v2\/media?parent=19580"}],"wp:term":[{"taxonomy":"category","embeddable":true,"href":"https:\/\/www.corumbaonline.com.br\/news\/wp-json\/wp\/v2\/categories?post=19580"},{"taxonomy":"post_tag","embeddable":true,"href":"https:\/\/www.corumbaonline.com.br\/news\/wp-json\/wp\/v2\/tags?post=19580"}],"curies":[{"name":"wp","href":"https:\/\/api.w.org\/{rel}","templated":true}]}}