{"id":19588,"date":"2018-07-09T08:52:29","date_gmt":"2018-07-09T12:52:29","guid":{"rendered":"http:\/\/www.corumbaonline.com.br\/news\/?p=19588"},"modified":"2018-07-09T11:09:22","modified_gmt":"2018-07-09T15:09:22","slug":"corumba-recebe-carro-como-premio-de-protecao-e-vigilancia-ao-trabalhador","status":"publish","type":"post","link":"https:\/\/www.corumbaonline.com.br\/news\/corumba-recebe-carro-como-premio-de-protecao-e-vigilancia-ao-trabalhador\/","title":{"rendered":"Corumb\u00e1 recebe carro como pr\u00eamio de Prote\u00e7\u00e3o e Vigil\u00e2ncia ao Trabalhador"},"content":{"rendered":"<p>A Prefeitura de Corumb\u00e1, por meio da Secretaria de Sa\u00fade, recebeu na \u00faltima semana um ve\u00edculo de passeio como um dos 13 munic\u00edpios ganhadores do Pr\u00eamio de Incentivo \u00e0 Promo\u00e7\u00e3o, Preven\u00e7\u00e3o, Prote\u00e7\u00e3o e Vigil\u00e2ncia em Sa\u00fade do Trabalhador e da Trabalhadora, realizado pela Secretaria de Estado de Sa\u00fade.<\/p>\n<p>&nbsp;<\/p>\n<p>A entrega aconteceu na quarta-feira e al\u00e9m de Corumb\u00e1, os Munic\u00edpios de Aquidauana, Corguinho, S\u00e3o Gabriel do Oeste, Pedro Gomes, Caracol, Vicentina, Itapor\u00e3, Novo Horizonte do Sul, Japor\u00e3, Coronel Sapucaia, Parana\u00edba e Tr\u00eas Lagoas foram beneficiados com o ve\u00edculo no valor de R$ 40.250,00, zero km, bicombust\u00edvel (gasolina e \u00e1lcool) e quatro portas, s\u00f3 dever\u00e1 ser utilizado exclusivamente nas a\u00e7\u00f5es em Sa\u00fade do Trabalhador.<\/p>\n<p>&nbsp;<\/p>\n<p>Para o secret\u00e1rio municipal de Sa\u00fade, Rog\u00e9rio Leite, o pr\u00eamio foi um reconhecimento \u00e0 dedica\u00e7\u00e3o e talento de sua equipe. \u201cFiquei feliz com a nossa conquista sabendo que estamos no caminho certo\u201d. O prefeito Marcelo Iunes tamb\u00e9m destacou a import\u00e2ncia do reconhecimento dos investimentos feitos na Sa\u00fade. \u201cEstamos trabalhando para melhorar o servi\u00e7o oferecido \u00e0 nossa popula\u00e7\u00e3o\u201d, afirmou.<\/p>\n<p>&nbsp;<\/p>\n<p>\u201cParabenizo aos munic\u00edpios ganhadores. Sabemos que esse ve\u00edculo far\u00e1 a diferen\u00e7a na secretaria de voc\u00eas. Esperamos que outros munic\u00edpios possam ser beneficiados em outros projetos assim como voc\u00eas foram\u201d, disse, durante a assinatura de documentos, o secret\u00e1rio de Estado de Sa\u00fade, Carlos Alberto Coimbra.<\/p>\n<p>&nbsp;<\/p>\n<p>Para aquisi\u00e7\u00e3o dos carros, foram gastos R$ 523.250,00 de recurso federal. Ao todo, se inscreveram 52 munic\u00edpios, sendo que 45 participaram da primeira etapa e 39 da segunda etapa. No prazo final, 34 munic\u00edpios entregaram o diagn\u00f3stico e o plano de a\u00e7\u00e3o que foram avaliados por uma comiss\u00e3o representada por t\u00e9cnicos da SES, Minist\u00e9rio da Sa\u00fade e representantes do controle social.<\/p>\n<p>&nbsp;<\/p>\n<p>O pr\u00eamio foi lan\u00e7ado na reuni\u00e3o da CIB (Comiss\u00e3o Intergestores Bipartite), em dezembro de 2017 e publicado no Di\u00e1rio Oficial do Estado do dia 12 de janeiro de 2018. O Pr\u00eamio foi realizado pela SES, por meio da Coordenadoria de Vigil\u00e2ncia em Sa\u00fade do Trabalhador (CVIST), que desenvolve as a\u00e7\u00f5es do Centro de Refer\u00eancia em Sa\u00fade do Trabalhador (CEREST), que tem como compet\u00eancia o desenvolvimento da pol\u00edtica da Sa\u00fade do Trabalhador no Estado.<\/p>\n","protected":false},"excerpt":{"rendered":"<p>A Prefeitura de Corumb\u00e1, por meio da Secretaria de Sa\u00fade, recebeu na \u00faltima semana um&#8230;<\/p>\n","protected":false},"author":1,"featured_media":19589,"comment_status":"closed","ping_status":"closed","sticky":false,"template":"","format":"standard","meta":{"footnotes":""},"categories":[21],"tags":[],"class_list":["post-19588","post","type-post","status-publish","format-standard","has-post-thumbnail","hentry","category-saude"],"_links":{"self":[{"href":"https:\/\/www.corumbaonline.com.br\/news\/wp-json\/wp\/v2\/posts\/19588","targetHints":{"allow":["GET"]}}],"collection":[{"href":"https:\/\/www.corumbaonline.com.br\/news\/wp-json\/wp\/v2\/posts"}],"about":[{"href":"https:\/\/www.corumbaonline.com.br\/news\/wp-json\/wp\/v2\/types\/post"}],"author":[{"embeddable":true,"href":"https:\/\/www.corumbaonline.com.br\/news\/wp-json\/wp\/v2\/users\/1"}],"replies":[{"embeddable":true,"href":"https:\/\/www.corumbaonline.com.br\/news\/wp-json\/wp\/v2\/comments?post=19588"}],"version-history":[{"count":1,"href":"https:\/\/www.corumbaonline.com.br\/news\/wp-json\/wp\/v2\/posts\/19588\/revisions"}],"predecessor-version":[{"id":19590,"href":"https:\/\/www.corumbaonline.com.br\/news\/wp-json\/wp\/v2\/posts\/19588\/revisions\/19590"}],"wp:featuredmedia":[{"embeddable":true,"href":"https:\/\/www.corumbaonline.com.br\/news\/wp-json\/wp\/v2\/media\/19589"}],"wp:attachment":[{"href":"https:\/\/www.corumbaonline.com.br\/news\/wp-json\/wp\/v2\/media?parent=19588"}],"wp:term":[{"taxonomy":"category","embeddable":true,"href":"https:\/\/www.corumbaonline.com.br\/news\/wp-json\/wp\/v2\/categories?post=19588"},{"taxonomy":"post_tag","embeddable":true,"href":"https:\/\/www.corumbaonline.com.br\/news\/wp-json\/wp\/v2\/tags?post=19588"}],"curies":[{"name":"wp","href":"https:\/\/api.w.org\/{rel}","templated":true}]}}