{"id":19591,"date":"2018-07-09T09:06:00","date_gmt":"2018-07-09T13:06:00","guid":{"rendered":"http:\/\/www.corumbaonline.com.br\/news\/?p=19591"},"modified":"2018-07-09T11:10:34","modified_gmt":"2018-07-09T15:10:34","slug":"segunda-feira-com-queda-de-temperatura-e-ceu-nublado-para-ms","status":"publish","type":"post","link":"https:\/\/www.corumbaonline.com.br\/news\/segunda-feira-com-queda-de-temperatura-e-ceu-nublado-para-ms\/","title":{"rendered":"Segunda-feira com queda de temperatura e c\u00e9u nublado para MS"},"content":{"rendered":"<p>A aproxima\u00e7\u00e3o de uma frente fria deve provocar aumento de nebulosidade no Mato Grosso do Sul na madrugada de domingo para segunda-feira. Ent\u00e3o, hoje (9)\u00a0 o tempo ser\u00e1 nublado a parcialmente nublado e com queda de temperatura nas regi\u00f5es Sul, Central e Pantaneira. Demais \u00e1reas o tempo seguir\u00e1 seco com predom\u00ednio de sol na maior parte do dia.<\/p>\n<p>A umidade relativa do ar varia de 95% a 40% e os term\u00f4metros registram de 9\u00baC a 26\u00baC.\u00a0As informa\u00e7\u00f5es s\u00e3o do Centro de Monitoramento do Tempo, do Clima e dos Recursos H\u00eddricos (Cemtec).\u00a0Confira como deve ficar a temperatura hoje em alguns munic\u00edpios:<\/p>\n<p><a href=\"http:\/\/www.ms.gov.br\/wp-content\/uploads\/sites\/150\/2018\/07\/Previs%C3%A3o-do-tempo-09_07_2018.jpg\"><img loading=\"lazy\" decoding=\"async\" class=\"alignnone wp-image-232748 size-large\" src=\"http:\/\/www.ms.gov.br\/wp-content\/uploads\/sites\/150\/2018\/07\/Previs%C3%A3o-do-tempo-09_07_2018-1024x769.jpg\" sizes=\"auto, (max-width: 1024px) 100vw, 1024px\" srcset=\"http:\/\/www.ms.gov.br\/wp-content\/uploads\/sites\/150\/2018\/07\/Previs\u00e3o-do-tempo-09_07_2018-1024x769.jpg 1024w, http:\/\/www.ms.gov.br\/wp-content\/uploads\/sites\/150\/2018\/07\/Previs\u00e3o-do-tempo-09_07_2018-300x225.jpg 300w, http:\/\/www.ms.gov.br\/wp-content\/uploads\/sites\/150\/2018\/07\/Previs\u00e3o-do-tempo-09_07_2018-768x577.jpg 768w, http:\/\/www.ms.gov.br\/wp-content\/uploads\/sites\/150\/2018\/07\/Previs\u00e3o-do-tempo-09_07_2018.jpg 1189w\" alt=\"\" width=\"1024\" height=\"769\" \/><\/a><\/p>\n","protected":false},"excerpt":{"rendered":"<p>A aproxima\u00e7\u00e3o de uma frente fria deve provocar aumento de nebulosidade no Mato Grosso do&#8230;<\/p>\n","protected":false},"author":1,"featured_media":0,"comment_status":"closed","ping_status":"closed","sticky":false,"template":"","format":"standard","meta":{"footnotes":""},"categories":[17],"tags":[],"class_list":["post-19591","post","type-post","status-publish","format-standard","hentry","category-meio-ambiente"],"_links":{"self":[{"href":"https:\/\/www.corumbaonline.com.br\/news\/wp-json\/wp\/v2\/posts\/19591","targetHints":{"allow":["GET"]}}],"collection":[{"href":"https:\/\/www.corumbaonline.com.br\/news\/wp-json\/wp\/v2\/posts"}],"about":[{"href":"https:\/\/www.corumbaonline.com.br\/news\/wp-json\/wp\/v2\/types\/post"}],"author":[{"embeddable":true,"href":"https:\/\/www.corumbaonline.com.br\/news\/wp-json\/wp\/v2\/users\/1"}],"replies":[{"embeddable":true,"href":"https:\/\/www.corumbaonline.com.br\/news\/wp-json\/wp\/v2\/comments?post=19591"}],"version-history":[{"count":1,"href":"https:\/\/www.corumbaonline.com.br\/news\/wp-json\/wp\/v2\/posts\/19591\/revisions"}],"predecessor-version":[{"id":19592,"href":"https:\/\/www.corumbaonline.com.br\/news\/wp-json\/wp\/v2\/posts\/19591\/revisions\/19592"}],"wp:attachment":[{"href":"https:\/\/www.corumbaonline.com.br\/news\/wp-json\/wp\/v2\/media?parent=19591"}],"wp:term":[{"taxonomy":"category","embeddable":true,"href":"https:\/\/www.corumbaonline.com.br\/news\/wp-json\/wp\/v2\/categories?post=19591"},{"taxonomy":"post_tag","embeddable":true,"href":"https:\/\/www.corumbaonline.com.br\/news\/wp-json\/wp\/v2\/tags?post=19591"}],"curies":[{"name":"wp","href":"https:\/\/api.w.org\/{rel}","templated":true}]}}