{"id":19596,"date":"2018-07-09T09:24:25","date_gmt":"2018-07-09T13:24:25","guid":{"rendered":"http:\/\/www.corumbaonline.com.br\/news\/?p=19596"},"modified":"2018-07-09T11:29:56","modified_gmt":"2018-07-09T15:29:56","slug":"pgr-diz-acompanhar-caso-lula-e-volta-a-defender-prisao-em-2a-instancia","status":"publish","type":"post","link":"https:\/\/www.corumbaonline.com.br\/news\/pgr-diz-acompanhar-caso-lula-e-volta-a-defender-prisao-em-2a-instancia\/","title":{"rendered":"PGR diz acompanhar caso Lula e volta a defender pris\u00e3o em 2\u00aa inst\u00e2ncia"},"content":{"rendered":"<p>Ap\u00f3s o\u00a0<a href=\"http:\/\/agenciabrasil.ebc.com.br\/politica\/noticia\/2018-07\/decisao-de-soltar-lula-provoca-impasse-juridico\">impasse jur\u00eddico<\/a>\u00a0criado em torno de decis\u00f5es conflitantes sobre a pris\u00e3o do ex-presidente Luiz In\u00e1cio Lula da Silva, a procuradora-geral da Rep\u00fablica, Raquel Dodge, divulgou nota em que disse \u201cacompanhar\u201d atentamente o caso. Ela voltou a defender a execu\u00e7\u00e3o da pena de um sentenciado logo ap\u00f3s a confirma\u00e7\u00e3o da condena\u00e7\u00e3o em segunda inst\u00e2ncia pela Justi\u00e7a.<\/p>\n<p>\u201cA PGR reitera a posi\u00e7\u00e3o da institui\u00e7\u00e3o, que defende a execu\u00e7\u00e3o da pena ap\u00f3s a confirma\u00e7\u00e3o da condena\u00e7\u00e3o em segunda inst\u00e2ncia, o que garante o duplo grau de jurisdi\u00e7\u00e3o e afasta a presun\u00e7\u00e3o de inoc\u00eancia, dando seguran\u00e7a jur\u00eddica \u00e0s decis\u00f5es judiciais\u201d, diz o texto divulgado na noite de domingo (8) pela PGR.<\/p>\n<p>Lula foi preso em 7 de abril ap\u00f3s ter confirmada na segunda inst\u00e2ncia sua condena\u00e7\u00e3o por corrup\u00e7\u00e3o e lavagem de dinheiro no caso do tr\u00edplex no Guaruj\u00e1 (SP). Desde ent\u00e3o ele \u00e9 mantido na Superintend\u00eancia da Pol\u00edcia Federal em Curitiba.<\/p>\n<p>O Tribunal Regional Federal da 4\u00aa Regi\u00e3o (TRF4), segunda inst\u00e2ncia da Justi\u00e7a Federal, que imp\u00f4s a pena 12 anos e um m\u00eas de pris\u00e3o ao ex-presidente, determinou a pris\u00e3o seguindo entendimento atual do Supremo Tribunal Federal (STF), que permite a execu\u00e7\u00e3o de pena mesmo que ainda haja possibilidade de recurso a inst\u00e2ncias superiores.<\/p>\n<p>Ontem (8), o desembargador do TRF4 Rog\u00e9rio Favreto, que estava de plant\u00e3o, determinou a soltura de Lula, mas uma disputa de decis\u00f5es judiciais acabou culminando com a perman\u00eancia do ex-presidente na pris\u00e3o, ap\u00f3s determina\u00e7\u00e3o do desembargador Thompson Flores, presidente do TRF4.<\/p>\n","protected":false},"excerpt":{"rendered":"<p>Ap\u00f3s o\u00a0impasse jur\u00eddico\u00a0criado em torno de decis\u00f5es conflitantes sobre a pris\u00e3o do ex-presidente Luiz In\u00e1cio&#8230;<\/p>\n","protected":false},"author":1,"featured_media":0,"comment_status":"closed","ping_status":"closed","sticky":false,"template":"","format":"standard","meta":{"footnotes":""},"categories":[19],"tags":[],"class_list":["post-19596","post","type-post","status-publish","format-standard","hentry","category-politica"],"_links":{"self":[{"href":"https:\/\/www.corumbaonline.com.br\/news\/wp-json\/wp\/v2\/posts\/19596","targetHints":{"allow":["GET"]}}],"collection":[{"href":"https:\/\/www.corumbaonline.com.br\/news\/wp-json\/wp\/v2\/posts"}],"about":[{"href":"https:\/\/www.corumbaonline.com.br\/news\/wp-json\/wp\/v2\/types\/post"}],"author":[{"embeddable":true,"href":"https:\/\/www.corumbaonline.com.br\/news\/wp-json\/wp\/v2\/users\/1"}],"replies":[{"embeddable":true,"href":"https:\/\/www.corumbaonline.com.br\/news\/wp-json\/wp\/v2\/comments?post=19596"}],"version-history":[{"count":1,"href":"https:\/\/www.corumbaonline.com.br\/news\/wp-json\/wp\/v2\/posts\/19596\/revisions"}],"predecessor-version":[{"id":19597,"href":"https:\/\/www.corumbaonline.com.br\/news\/wp-json\/wp\/v2\/posts\/19596\/revisions\/19597"}],"wp:attachment":[{"href":"https:\/\/www.corumbaonline.com.br\/news\/wp-json\/wp\/v2\/media?parent=19596"}],"wp:term":[{"taxonomy":"category","embeddable":true,"href":"https:\/\/www.corumbaonline.com.br\/news\/wp-json\/wp\/v2\/categories?post=19596"},{"taxonomy":"post_tag","embeddable":true,"href":"https:\/\/www.corumbaonline.com.br\/news\/wp-json\/wp\/v2\/tags?post=19596"}],"curies":[{"name":"wp","href":"https:\/\/api.w.org\/{rel}","templated":true}]}}