{"id":19601,"date":"2018-07-09T10:00:22","date_gmt":"2018-07-09T14:00:22","guid":{"rendered":"http:\/\/www.corumbaonline.com.br\/news\/?p=19601"},"modified":"2018-07-09T11:33:12","modified_gmt":"2018-07-09T15:33:12","slug":"termina-hoje-prazo-de-inscricao-do-encceja","status":"publish","type":"post","link":"https:\/\/www.corumbaonline.com.br\/news\/termina-hoje-prazo-de-inscricao-do-encceja\/","title":{"rendered":"Termina hoje prazo de inscri\u00e7\u00e3o do Encceja"},"content":{"rendered":"<p>Os brasileiros residentes no exterior que n\u00e3o conclu\u00edram os estudos na idade apropriada e quiserem fazer o Exame Nacional para Certifica\u00e7\u00e3o de Compet\u00eancias de Jovens e Adultos (Encceja) t\u00eam at\u00e9 as 23h59 de hoje (9) para fazer a inscri\u00e7\u00e3o. A participa\u00e7\u00e3o \u00e9 gratuita e as\u00a0<a href=\"http:\/\/encceja.inep.gov.br\/encceja-exterior\/#!\/inicial\" target=\"_blank\" rel=\"noopener noreferrer\">inscri\u00e7\u00f5es<\/a>\u00a0s\u00e3o feitas pela internet.<\/p>\n<p>As provas ser\u00e3o aplicada no dia 16 de setembro. A aprova\u00e7\u00e3o garante uma certifica\u00e7\u00e3o de conclus\u00e3o no ensino fundamental ou m\u00e9dio. Para fazer as provas do ensino fundamental \u00e9 preciso ter a idade m\u00ednima de 15 anos e, para o m\u00e9dio, de 18 anos.<\/p>\n<div class=\"dnd-widget-wrapper context-cheio_8colunas type-image\">\n<div class=\"dnd-atom-rendered\">\n<figure class=\"mejs-fotoh-wrapper\">\n<p><figure style=\"width: 754px\" class=\"wp-caption alignnone\"><img loading=\"lazy\" decoding=\"async\" class=\"img-responsive full full\" title=\"Imagem de Arquivo\/Ag\u00eancia Brasil\/Ag\u00eancia Brasil\" src=\"http:\/\/imagens.ebc.com.br\/JH8EpMyFH_drgIspTb9y3ytRHmA=\/754x0\/smart\/http:\/\/agenciabrasil.ebc.com.br\/sites\/default\/files\/atoms\/image\/enem_estudante.jpg?itok=k18-bGBJ\" alt=\"Enem estudante\" width=\"754\" height=\"566\" \/><figcaption class=\"wp-caption-text\">A participa\u00e7\u00e3o \u00e9 gratuita e as inscri\u00e7\u00f5es poder\u00e3o ser feitas pela internet at\u00e9 as 23h59 de hoje &#8211; Imagem de Arquivo\/Ag\u00eancia Brasil<\/figcaption><\/figure><\/figure>\n<\/div>\n<\/div>\n<p>A vers\u00e3o deste ano ser\u00e1 realizada em 12 pa\u00edses: B\u00e9lgica (Bruxelas); Espanha (Barcelona e Madri); Estados Unidos (Boston, Nova Iorque e Miami); Fran\u00e7a (Paris); Guiana Francesa (Caiena); Holanda (Roterd\u00e3); It\u00e1lia (Roma); Jap\u00e3o (Nag\u00f3ia, Hamamatsu e T\u00f3quio); Portugal (Lisboa); Reino Unido (Londres); Su\u00ed\u00e7a (Genebra); e Suriname (Paramaribo).<\/p>\n<p>A exame tamb\u00e9m ser\u00e1 aplicado a pessoas privadas de liberdade no exterior em T\u00f3quio, Caiena e Istambul de 17 a 28 de setembro.<\/p>\n<h2>Inscri\u00e7\u00e3o<\/h2>\n<p>No momento da inscri\u00e7\u00e3o \u00e9 necess\u00e1rio informar o n\u00famero de CPF que ser\u00e1 utilizado para emiss\u00e3o do certificado e da declara\u00e7\u00e3o parcial de profici\u00eancia, al\u00e9m do n\u00famero do passaporte. No caso das inscri\u00e7\u00f5es dos brasileiros submetidos a penas privativas de liberdade as inscri\u00e7\u00f5es ser\u00e3o feitas pelos respons\u00e1veis nos Consulados-Gerais nas cidades onde haver\u00e1 aplica\u00e7\u00e3o das provas.<\/p>\n<h2>Provas<\/h2>\n<p>Com rela\u00e7\u00e3o ao ensino fundamental, cada prova tem 30 quest\u00f5es de m\u00faltipla escolha nas \u00e1reas ci\u00eancias naturais, matem\u00e1tica, l\u00edngua portuguesa, l\u00edngua estrangeira moderna, artes, educa\u00e7\u00e3o f\u00edsica, reda\u00e7\u00e3o,\u00a0 hist\u00f3ria e geografia. No ensino m\u00e9dio as \u00e1reas s\u00e3o: ci\u00eancias da natureza e suas tecnologias, matem\u00e1tica e suas tecnologias, linguagens e c\u00f3digos e suas tecnologias, reda\u00e7\u00e3o, ci\u00eancias humanas e suas tecnologias.<\/p>\n<p>O Instituto Nacional de Estudos e Pesquisas Educacionais An\u00edsio Teixeira (Inep) oferece materiais de estudo gratuitos, como apostilas para participantes e professores de Educa\u00e7\u00e3o de Jovens e Adultos (EJA), al\u00e9m das provas do ano passado.<\/p>\n","protected":false},"excerpt":{"rendered":"<p>Os brasileiros residentes no exterior que n\u00e3o conclu\u00edram os estudos na idade apropriada e quiserem&#8230;<\/p>\n","protected":false},"author":1,"featured_media":0,"comment_status":"closed","ping_status":"closed","sticky":false,"template":"","format":"standard","meta":{"footnotes":""},"categories":[10],"tags":[],"class_list":["post-19601","post","type-post","status-publish","format-standard","hentry","category-educacao"],"_links":{"self":[{"href":"https:\/\/www.corumbaonline.com.br\/news\/wp-json\/wp\/v2\/posts\/19601","targetHints":{"allow":["GET"]}}],"collection":[{"href":"https:\/\/www.corumbaonline.com.br\/news\/wp-json\/wp\/v2\/posts"}],"about":[{"href":"https:\/\/www.corumbaonline.com.br\/news\/wp-json\/wp\/v2\/types\/post"}],"author":[{"embeddable":true,"href":"https:\/\/www.corumbaonline.com.br\/news\/wp-json\/wp\/v2\/users\/1"}],"replies":[{"embeddable":true,"href":"https:\/\/www.corumbaonline.com.br\/news\/wp-json\/wp\/v2\/comments?post=19601"}],"version-history":[{"count":1,"href":"https:\/\/www.corumbaonline.com.br\/news\/wp-json\/wp\/v2\/posts\/19601\/revisions"}],"predecessor-version":[{"id":19602,"href":"https:\/\/www.corumbaonline.com.br\/news\/wp-json\/wp\/v2\/posts\/19601\/revisions\/19602"}],"wp:attachment":[{"href":"https:\/\/www.corumbaonline.com.br\/news\/wp-json\/wp\/v2\/media?parent=19601"}],"wp:term":[{"taxonomy":"category","embeddable":true,"href":"https:\/\/www.corumbaonline.com.br\/news\/wp-json\/wp\/v2\/categories?post=19601"},{"taxonomy":"post_tag","embeddable":true,"href":"https:\/\/www.corumbaonline.com.br\/news\/wp-json\/wp\/v2\/tags?post=19601"}],"curies":[{"name":"wp","href":"https:\/\/api.w.org\/{rel}","templated":true}]}}