{"id":19605,"date":"2018-07-09T10:39:25","date_gmt":"2018-07-09T14:39:25","guid":{"rendered":"http:\/\/www.corumbaonline.com.br\/news\/?p=19605"},"modified":"2018-07-09T11:41:28","modified_gmt":"2018-07-09T15:41:28","slug":"analisando-11","status":"publish","type":"post","link":"https:\/\/www.corumbaonline.com.br\/news\/analisando-11\/","title":{"rendered":"Analisando&#8230;"},"content":{"rendered":"<p><strong>Brasil<\/strong><\/p>\n<p>A sele\u00e7\u00e3o canarinho deu adeus a copa da R\u00fassia. N\u00e3o que tenha jogado muito mal contra a B\u00e9lgica. O grande problema e que em nenhum jogo da copa, os astros supervalorizados do Brasil conseguiram colocar em campo aquilo que eles rendem em suas equipes. A sele\u00e7\u00e3o canarinho volta pra casa com mais uma decep\u00e7\u00e3o na bagagem e muitas inc\u00f3gnitas sobre seu futuro.<\/p>\n<p><strong>Lula<\/strong><\/p>\n<p>Neste domingo o pa\u00eds ficou atento \u00e0 possibilidade de soltura do ex-presidente Lula. Muitos a favor e outros contra. Sem entrar no m\u00e9rito da decis\u00e3o, uma coisa ficou clara. O pa\u00eds vive uma bagun\u00e7a jur\u00eddica jamais vista. O populista Sergio Moro, de f\u00e9rias em Portugal, determinando que a autoridade policial n\u00e3o cumprisse uma ordem judicial. Depois o relator do caso, tamb\u00e9m de f\u00e9rias na Europa, pelo telefone determinando o cancelamento do alvar\u00e1 de soltura. O superman Sergio Moro tem dificuldades no entendimento da justi\u00e7a, do amplo direito a defesa e principalmente o respeito \u00e0 constitui\u00e7\u00e3o.<\/p>\n<p><strong>Cumpra-se<\/strong><\/p>\n<p>\u201cOrdem judicial se cumpre n\u00e3o se discute\u201d. Esta frase emblem\u00e1tica parece n\u00e3o fazer parte do dicion\u00e1rio do Moro, pelo menos quando as decis\u00f5es s\u00e3o contrarias as suas vontades pessoais. Entendo ser perigoso este momento em que as autoridades escolhem qual decis\u00e3o querem acatar.<\/p>\n<p><strong>Conven\u00e7\u00f5es<\/strong><\/p>\n<p>No Mato Grosso do Sul, PDT e MDB j\u00e1 definiram a data de suas conven\u00e7\u00f5es. Ambas far\u00e3o no dia 21\/07. Neste momento ambos os partidos ainda correm pra definir o candidato \u00e0 vice nas chapas. J\u00e1 o PSDB ainda n\u00e3o definiu a data de sua conven\u00e7\u00e3o, mas nos bastidores a correria esta grande para fechar as alian\u00e7as em prol da reelei\u00e7\u00e3o do Governador Azambuja.<\/p>\n<p><strong>Corumb\u00e1<\/strong><\/p>\n<p>Aqui na Cidade Branca, as candidaturas ainda est\u00e3o a passos de tartaruga no sentido de busca de apoiadores e simpatizantes.\u00a0 Neste sentido, dois pr\u00e9-candidatos fogem a regra e j\u00e1 despontam na dianteira pela busca de apoiadores e de alian\u00e7as ao pleito. O candidato a deputado federal Dr. \u00c9der (MDB) e o candidato a deputado estadual Chic\u00e3o Viana (SD) est\u00e3o j\u00e1 em processos acelerados em suas caminhadas. Um veterano na pol\u00edtica e outro, novidade, at\u00e9 o momento, parece que est\u00e3o ganhando a simpatia do eleitorado corumbaense e ladarense.<\/p>\n<p><strong>Mudan\u00e7as<\/strong><\/p>\n<p>Como diria o folclore popular \u201cmuita \u00e1gua ainda vai passar por de baixo da ponte\u201d, assim est\u00e3o as demais candidaturas ao legislativo estadual e federal em Corumb\u00e1. Nos pr\u00f3ximos dias muitas surpresas podem acontecer. Nos bastidores fala-se em desist\u00eancia de candidaturas, mudan\u00e7as de planos e ate mesmo voos mais altos. A temperatura politica come\u00e7a a subir ap\u00f3s a sa\u00edda do Brasil da Copa.<\/p>\n","protected":false},"excerpt":{"rendered":"<p>Brasil A sele\u00e7\u00e3o canarinho deu adeus a copa da R\u00fassia. N\u00e3o que tenha jogado muito&#8230;<\/p>\n","protected":false},"author":6,"featured_media":19310,"comment_status":"closed","ping_status":"closed","sticky":false,"template":"","format":"standard","meta":{"footnotes":""},"categories":[3],"tags":[],"class_list":["post-19605","post","type-post","status-publish","format-standard","has-post-thumbnail","hentry","category-artigo"],"_links":{"self":[{"href":"https:\/\/www.corumbaonline.com.br\/news\/wp-json\/wp\/v2\/posts\/19605","targetHints":{"allow":["GET"]}}],"collection":[{"href":"https:\/\/www.corumbaonline.com.br\/news\/wp-json\/wp\/v2\/posts"}],"about":[{"href":"https:\/\/www.corumbaonline.com.br\/news\/wp-json\/wp\/v2\/types\/post"}],"author":[{"embeddable":true,"href":"https:\/\/www.corumbaonline.com.br\/news\/wp-json\/wp\/v2\/users\/6"}],"replies":[{"embeddable":true,"href":"https:\/\/www.corumbaonline.com.br\/news\/wp-json\/wp\/v2\/comments?post=19605"}],"version-history":[{"count":1,"href":"https:\/\/www.corumbaonline.com.br\/news\/wp-json\/wp\/v2\/posts\/19605\/revisions"}],"predecessor-version":[{"id":19606,"href":"https:\/\/www.corumbaonline.com.br\/news\/wp-json\/wp\/v2\/posts\/19605\/revisions\/19606"}],"wp:featuredmedia":[{"embeddable":true,"href":"https:\/\/www.corumbaonline.com.br\/news\/wp-json\/wp\/v2\/media\/19310"}],"wp:attachment":[{"href":"https:\/\/www.corumbaonline.com.br\/news\/wp-json\/wp\/v2\/media?parent=19605"}],"wp:term":[{"taxonomy":"category","embeddable":true,"href":"https:\/\/www.corumbaonline.com.br\/news\/wp-json\/wp\/v2\/categories?post=19605"},{"taxonomy":"post_tag","embeddable":true,"href":"https:\/\/www.corumbaonline.com.br\/news\/wp-json\/wp\/v2\/tags?post=19605"}],"curies":[{"name":"wp","href":"https:\/\/api.w.org\/{rel}","templated":true}]}}