{"id":19612,"date":"2018-07-09T11:23:51","date_gmt":"2018-07-09T15:23:51","guid":{"rendered":"http:\/\/www.corumbaonline.com.br\/news\/?p=19612"},"modified":"2018-07-09T13:33:32","modified_gmt":"2018-07-09T17:33:32","slug":"projeto-rondon-inicia-atividades-com-acoes-voltadas-para-setor-da-educacao","status":"publish","type":"post","link":"https:\/\/www.corumbaonline.com.br\/news\/projeto-rondon-inicia-atividades-com-acoes-voltadas-para-setor-da-educacao\/","title":{"rendered":"Projeto Rondon inicia atividades com a\u00e7\u00f5es voltadas para setor da Educa\u00e7\u00e3o"},"content":{"rendered":"<p>As primeiras a\u00e7\u00f5es do Projeto Rondon em Corumb\u00e1 acontecem ao longo de toda esta segunda-feira, 09 de julho, no Centro de Conven\u00e7\u00f5es. Nos per\u00edodos matutino e vespertino, os rondonistas promovem oficinas com os mais variados temas. A \u2018Opera\u00e7\u00e3o Pantanal\u2019 trouxe 20 rondonistas ao munic\u00edpio.<\/p>\n<p>&nbsp;<\/p>\n<p>\u201cHoje as oficinas est\u00e3o voltadas para as \u00e1reas da Educa\u00e7\u00e3o. Trabalhamos com servidores da educa\u00e7\u00e3o, secret\u00e1rios, gestores e docentes simultaneamente para promover atualiza\u00e7\u00e3o e capacita\u00e7\u00e3o. Com os professores temos oficina sobre a voz e o corpo que \u00e9 seu instrumento de trabalho, gesticula\u00e7\u00e3o e como cuidar da voz. Tamb\u00e9m abordamos a media\u00e7\u00e3o de conflitos e experi\u00eancias exitosas; dist\u00farbios de aprendizagem e primeiros-socorros\u201d, informou a professora Cl\u00e1udia Bica, da Universidade Federal de Ci\u00eancias da Sa\u00fade de Porto Alegre (UFCSPA).<\/p>\n<p>&nbsp;<\/p>\n<p>Ela antecipou que no per\u00edodo noturno, as equipes da \u2018Opera\u00e7\u00e3o Pantanal\u2019 v\u00e3o promover palestras em escolas, junto aos alunos da Educa\u00e7\u00e3o de Jovens e Adultos (EJA), com a tem\u00e1tica que aborda o acesso ao mercado de trabalho. Tamb\u00e9m ser\u00e3o promovidas atividades nos assentamentos rurais de Corumb\u00e1, Porto Esperan\u00e7a, Distrito de Albuquerque e em comunidades quilombolas.<\/p>\n<p>&nbsp;<\/p>\n<p>\u201cTamb\u00e9m vamos trabalhar com os provedores, aqueles que coordenam o dinheiro que vem de recursos para as escolas, com os ordenadores de despesas. Apresentar a import\u00e2ncia em rela\u00e7\u00e3o \u00e0 presta\u00e7\u00e3o de contas, gasto p\u00fablico e responsabilidades dentro de um cen\u00e1rio com conting\u00eancias econ\u00f4micas e financeiras\u201d, explicou a professora Jane Corr\u00eaa Alves Mendon\u00e7a, da Universidade Federal da Grande Dourados (UFGD).<\/p>\n<p>&nbsp;<\/p>\n<p>Na noite da sexta-feira, 20 de julho, as equipes do Projeto Rondon v\u00e3o celebrar o encerramento das atividades com um grande show cultural na avenida General Rondon.<\/p>\n<p>&nbsp;<\/p>\n<p>S\u00e3o objetivos do projeto, contribuir para a forma\u00e7\u00e3o do universit\u00e1rio como cidad\u00e3o; integrar o universit\u00e1rio ao processo de desenvolvimento nacional, por meio de a\u00e7\u00f5es participativas sobre a realidade do Pa\u00eds; consolidar no universit\u00e1rio brasileiro o sentido de responsabilidade social, coletiva, em prol da cidadania, do desenvolvimento e da defesa dos interesses nacionais; estimular no universit\u00e1rio a produ\u00e7\u00e3o de projetos coletivos locais, em parceria com as comunidades assistidas.<\/p>\n<p>&nbsp;<\/p>\n<p>Durante a opera\u00e7\u00e3o, os rondonistas promover\u00e3o atividades sobre os temas de comunica\u00e7\u00e3o, sa\u00fade, cultura, educa\u00e7\u00e3o, meio ambiente, trabalho, tecnologia, produ\u00e7\u00e3o e justi\u00e7a. Os estudantes trabalhar\u00e3o, prioritariamente, com agentes multiplicadores, tais como funcion\u00e1rios das prefeituras, professores, agentes de sa\u00fade e lideran\u00e7as locais, o que permitir\u00e1 maior reten\u00e7\u00e3o e dissemina\u00e7\u00e3o dos conhecimentos a serem transmitidos por eles.<\/p>\n<p>&nbsp;<\/p>\n<p>Os rondonistas conduzir\u00e3o oficinas sobre constru\u00e7\u00e3o de hortas e viveiros comunit\u00e1rios, seguran\u00e7a alimentar, inser\u00e7\u00e3o no mercado de trabalho, acesso ao ensino superior, disposi\u00e7\u00e3o de res\u00edduos s\u00f3lidos urbanos, reciclagem, sa\u00fade LGBT, primeiros socorros e sexualidade, educa\u00e7\u00e3o fiscal, potencializa\u00e7\u00e3o da \u00e1gua, potencialidades tur\u00edsticas, feira livre, feira da sa\u00fade, miscel\u00e2nea cultural, corrida de rua e cinema na pra\u00e7a. O objetivo das atividades \u00e9 melhorar a qualidade de vida da popula\u00e7\u00e3o, promover o desenvolvimento sustent\u00e1vel e ampliar o bem-estar de comunidades carentes.<\/p>\n<p>&nbsp;<\/p>\n<p><strong>Projeto Rondon<\/strong><\/p>\n<p>&nbsp;<\/p>\n<p>O Projeto Rondon \u00e9 uma a\u00e7\u00e3o governamental que, em parceria com as institui\u00e7\u00f5es de ensino superior, tem como objetivo, junto os gestores municipais e lideran\u00e7as comunit\u00e1rias, contribuir com o desenvolvimento local sustent\u00e1vel e na constru\u00e7\u00e3o e promo\u00e7\u00e3o da cidadania. O Minist\u00e9rio da Defesa coordena a iniciativa, que tem ainda a participa\u00e7\u00e3o dos minist\u00e9rios do Desenvolvimento Social e Combate \u00e0 Fome, do Desenvolvimento Agr\u00e1rio; da Educa\u00e7\u00e3o; do Esporte; da Integra\u00e7\u00e3o Nacional; do Meio Ambiente e da Sa\u00fade, al\u00e9m da Secretaria de Governo da Presid\u00eancia da Rep\u00fablica.<\/p>\n<p>&nbsp;<\/p>\n<p>O Projeto Rondon prioriza, assim, desenvolver a\u00e7\u00f5es que tragam benef\u00edcios permanentes para as comunidades, principalmente as relacionadas com, a melhoria do bem estar social e a capacita\u00e7\u00e3o da gest\u00e3o p\u00fablica. Busca, ainda, consolidar no universit\u00e1rio brasileiro o sentido de responsabilidade social, coletiva, em prol da cidadania, do desenvolvimento e da defesa dos interesses nacionais, contribuindo na sua forma\u00e7\u00e3o acad\u00eamica e proporcionando-lhe o conhecimento da realidade brasileira.<\/p>\n<p>&nbsp;<\/p>\n<p>Tem como objetivos gerais contribuir para o desenvolvimento e o fortalecimento da cidadania do estudante universit\u00e1rio; contribuir com o desenvolvimento sustent\u00e1vel, o bem-estar social e a qualidade de vida nas comunidades carentes, usando as habilidades universit\u00e1rias. Busca ainda proporcionar ao estudante universit\u00e1rio conhecimento de aspectos peculiares da realidade brasileira; contribuir com o fortalecimento das pol\u00edticas p\u00fablicas, atendendo \u00e0s necessidades espec\u00edficas das comunidades selecionadas; desenvolver no estudante universit\u00e1rio sentimentos de responsabilidade social, esp\u00edrito cr\u00edtico e patriotismo e contribuir para o interc\u00e2mbio de conhecimentos entre as institui\u00e7\u00f5es de ensino superior, governos locais e lideran\u00e7as comunit\u00e1rias.<\/p>\n<p>&nbsp;<\/p>\n<p>O Projeto Rondon foi criado em 11 de julho de 1967, quando uma equipe formada por 30 universit\u00e1rios e dois professores de universidades do antigo Estado da Guanabara, conheceram de perto a realidade amaz\u00f4nica no ent\u00e3o territ\u00f3rio federal de Rond\u00f4nia. A primeira miss\u00e3o teve a dura\u00e7\u00e3o de 28 dias. Relan\u00e7ada em 2005, a proposta j\u00e1 atendeu 1.142 munic\u00edpios do pa\u00eds com participa\u00e7\u00e3o de 21,4 mil Rondonistas entre professores e acad\u00eamicos.<\/p>\n","protected":false},"excerpt":{"rendered":"<p>As primeiras a\u00e7\u00f5es do Projeto Rondon em Corumb\u00e1 acontecem ao longo de toda esta segunda-feira,&#8230;<\/p>\n","protected":false},"author":1,"featured_media":19613,"comment_status":"closed","ping_status":"closed","sticky":false,"template":"","format":"standard","meta":{"footnotes":""},"categories":[8,14],"tags":[],"class_list":["post-19612","post","type-post","status-publish","format-standard","has-post-thumbnail","hentry","category-destaque","category-geral"],"_links":{"self":[{"href":"https:\/\/www.corumbaonline.com.br\/news\/wp-json\/wp\/v2\/posts\/19612","targetHints":{"allow":["GET"]}}],"collection":[{"href":"https:\/\/www.corumbaonline.com.br\/news\/wp-json\/wp\/v2\/posts"}],"about":[{"href":"https:\/\/www.corumbaonline.com.br\/news\/wp-json\/wp\/v2\/types\/post"}],"author":[{"embeddable":true,"href":"https:\/\/www.corumbaonline.com.br\/news\/wp-json\/wp\/v2\/users\/1"}],"replies":[{"embeddable":true,"href":"https:\/\/www.corumbaonline.com.br\/news\/wp-json\/wp\/v2\/comments?post=19612"}],"version-history":[{"count":1,"href":"https:\/\/www.corumbaonline.com.br\/news\/wp-json\/wp\/v2\/posts\/19612\/revisions"}],"predecessor-version":[{"id":19614,"href":"https:\/\/www.corumbaonline.com.br\/news\/wp-json\/wp\/v2\/posts\/19612\/revisions\/19614"}],"wp:featuredmedia":[{"embeddable":true,"href":"https:\/\/www.corumbaonline.com.br\/news\/wp-json\/wp\/v2\/media\/19613"}],"wp:attachment":[{"href":"https:\/\/www.corumbaonline.com.br\/news\/wp-json\/wp\/v2\/media?parent=19612"}],"wp:term":[{"taxonomy":"category","embeddable":true,"href":"https:\/\/www.corumbaonline.com.br\/news\/wp-json\/wp\/v2\/categories?post=19612"},{"taxonomy":"post_tag","embeddable":true,"href":"https:\/\/www.corumbaonline.com.br\/news\/wp-json\/wp\/v2\/tags?post=19612"}],"curies":[{"name":"wp","href":"https:\/\/api.w.org\/{rel}","templated":true}]}}