{"id":19615,"date":"2018-07-09T11:40:04","date_gmt":"2018-07-09T15:40:04","guid":{"rendered":"http:\/\/www.corumbaonline.com.br\/news\/?p=19615"},"modified":"2018-07-09T13:34:52","modified_gmt":"2018-07-09T17:34:52","slug":"vacinacao-contra-febre-aftosa-prossegue-ate-30-de-julho-e-brucelose-ate-15-de-agosto-na-regiao-do-pantanal","status":"publish","type":"post","link":"https:\/\/www.corumbaonline.com.br\/news\/vacinacao-contra-febre-aftosa-prossegue-ate-30-de-julho-e-brucelose-ate-15-de-agosto-na-regiao-do-pantanal\/","title":{"rendered":"Vacina\u00e7\u00e3o contra febre aftosa prossegue at\u00e9 30 de julho e brucelose at\u00e9 15 de agosto na regi\u00e3o do Pantanal"},"content":{"rendered":"<p>Atendendo a um pedido dos pecuaristas da regi\u00e3o do Pantanal, atrav\u00e9s do Sindicato Rural de Corumb\u00e1 e da Federa\u00e7\u00e3o de Agricultura de Mato Grosso do Sul (Famasul), foi prorrogado por meio de Portaria da Ag\u00eancia Estadual de Defesa Sanit\u00e1ria Animal e Vegetal (Iagro) publicada no\u00a0<a href=\"http:\/\/www.spdo.ms.gov.br\/diariodoe\/Index\/Download\/DO9684_27_06_2018\">Di\u00e1rio Oficial do Estado<\/a>\u00a0(DOE) \u2013 a vacina\u00e7\u00e3o contra febre aftosa e brucelose do rebanho naquela \u00e1rea.<\/p>\n<p>Devido \u00e0s cheias da regi\u00e3o do Pantanal, que impossibilitam o manejo adequado do rebanho para realiza\u00e7\u00e3o da vacina\u00e7\u00e3o contra a febre aftosa dentro do per\u00edodo estipulado inicialmente, o prazo de vacina\u00e7\u00e3o dos animais mudou para at\u00e9 dia 30 de julho de 2018. O per\u00edodo para o registro da vacina\u00e7\u00e3o no sistema tamb\u00e9m foi estendido para 15 de agosto.<\/p>\n<p>Da mesma forma, e pelos mesmos motivos, a Iagro tamb\u00e9m prorrogou a vacina\u00e7\u00e3o contra a brucelose na regi\u00e3o do Pantanal. Os pecuaristas t\u00eam at\u00e9 15 de agosto para vacinar e registrar a vacina\u00e7\u00e3o no sistema.<\/p>\n<p>A decis\u00e3o, que vem de encontro com a demanda dos pecuaristas da regi\u00e3o citada n\u00e3o se estende \u00e0 vacina\u00e7\u00e3o nas propriedades das regi\u00f5es sanit\u00e1rias do Planalto e Fronteira, que tiveram prazo at\u00e9 dia 15 de junho para vacina\u00e7\u00e3o e per\u00edodo de registro no sistema at\u00e9 30 de junho. Confira:<\/p>\n<ul>\n<li>Regi\u00e3o do Planalto \u2013 vacina\u00e7\u00e3o at\u00e9 15 de junho e registro at\u00e9 30 de junho;<\/li>\n<li>Regi\u00e3o da Fronteira \u2013 vacina\u00e7\u00e3o at\u00e9 15 de junho e registro at\u00e9 30 de junho;<\/li>\n<li>Regi\u00e3o do Pantanal \u2013 vacina\u00e7\u00e3o prorrogada para 30 de julho e registro at\u00e9 15 de agosto.<\/li>\n<\/ul>\n<p>Segundo o diretor-presidente da Iagro, Luciano Chiochetta, que no primeiro semestre deste ano esteve na Bol\u00edvia, em Paris e, recentemente, em Cuiab\u00e1 discutindo as a\u00e7\u00f5es para retirada definitiva da vacina\u00e7\u00e3o contra a febre aftosa no Brasil, Mato Grosso do Sul cumpre o seu papel garantindo excelentes n\u00fameros e manter\u00e1 a m\u00e9dia, que \u00e9 superior a 99% do rebanho vacinado.<\/p>\n<div id=\"attachment_6427\" class=\"wp-caption alignnone\"><a href=\"http:\/\/www.iagro.ms.gov.br\/wp-content\/uploads\/sites\/53\/2017\/11\/Vacina-aftosa-2016-8.jpg\" rel=\"attachment wp-att-6427\"><img loading=\"lazy\" decoding=\"async\" class=\"wp-image-6427 size-full\" src=\"http:\/\/www.iagro.ms.gov.br\/wp-content\/uploads\/sites\/53\/2017\/11\/Vacina-aftosa-2016-8.jpg\" alt=\"\" width=\"820\" height=\"547\" \/><\/a><\/p>\n<p class=\"wp-caption-text\"><em>Vacina\u00e7\u00e3o do rebanho contra febre aftosa e brucelose foi prorrogada somente para a regi\u00e3o do Pantanal.<\/em><\/p>\n<\/div>\n<p><strong>Mato Grosso do Sul<\/strong><\/p>\n<p>O rebanho do Estado soma 21 milh\u00f5es de cabe\u00e7as de bovinos e bubalinos e a meta do governo estadual \u00e9 vacinar 99% dos animais, embora a exig\u00eancia dos \u00f3rg\u00e3os sanit\u00e1rios seja atingir no m\u00ednimo 80%.<\/p>\n<p>Garantir a meta estadual de vacina\u00e7\u00e3o do rebanho \u00e9 importante para assegurar o status de zona livre de febre aftosa com vacina\u00e7\u00e3o, que o Pa\u00eds conquistou recentemente e que deve ampliar o leque de oportunidades de neg\u00f3cios com a carne bovina do Brasil, que hoje j\u00e1 chega a 150 pa\u00edses.<\/p>\n<p>Mato Grosso do Sul tem um rebanho altamente produtivo (reduziu em dois milh\u00f5es de hectares a \u00e1rea de pastagem, mas mant\u00e9m o volume de abate), \u00e9 l\u00edder no abate de bezerros com at\u00e9 24 meses de idade e tem carne de qualidade comprovada.<\/p>\n","protected":false},"excerpt":{"rendered":"<p>Atendendo a um pedido dos pecuaristas da regi\u00e3o do Pantanal, atrav\u00e9s do Sindicato Rural de&#8230;<\/p>\n","protected":false},"author":1,"featured_media":19295,"comment_status":"closed","ping_status":"closed","sticky":false,"template":"","format":"standard","meta":{"footnotes":""},"categories":[2],"tags":[],"class_list":["post-19615","post","type-post","status-publish","format-standard","has-post-thumbnail","hentry","category-agropecuaria"],"_links":{"self":[{"href":"https:\/\/www.corumbaonline.com.br\/news\/wp-json\/wp\/v2\/posts\/19615","targetHints":{"allow":["GET"]}}],"collection":[{"href":"https:\/\/www.corumbaonline.com.br\/news\/wp-json\/wp\/v2\/posts"}],"about":[{"href":"https:\/\/www.corumbaonline.com.br\/news\/wp-json\/wp\/v2\/types\/post"}],"author":[{"embeddable":true,"href":"https:\/\/www.corumbaonline.com.br\/news\/wp-json\/wp\/v2\/users\/1"}],"replies":[{"embeddable":true,"href":"https:\/\/www.corumbaonline.com.br\/news\/wp-json\/wp\/v2\/comments?post=19615"}],"version-history":[{"count":1,"href":"https:\/\/www.corumbaonline.com.br\/news\/wp-json\/wp\/v2\/posts\/19615\/revisions"}],"predecessor-version":[{"id":19616,"href":"https:\/\/www.corumbaonline.com.br\/news\/wp-json\/wp\/v2\/posts\/19615\/revisions\/19616"}],"wp:featuredmedia":[{"embeddable":true,"href":"https:\/\/www.corumbaonline.com.br\/news\/wp-json\/wp\/v2\/media\/19295"}],"wp:attachment":[{"href":"https:\/\/www.corumbaonline.com.br\/news\/wp-json\/wp\/v2\/media?parent=19615"}],"wp:term":[{"taxonomy":"category","embeddable":true,"href":"https:\/\/www.corumbaonline.com.br\/news\/wp-json\/wp\/v2\/categories?post=19615"},{"taxonomy":"post_tag","embeddable":true,"href":"https:\/\/www.corumbaonline.com.br\/news\/wp-json\/wp\/v2\/tags?post=19615"}],"curies":[{"name":"wp","href":"https:\/\/api.w.org\/{rel}","templated":true}]}}