{"id":19662,"date":"2018-07-10T15:15:14","date_gmt":"2018-07-10T19:15:14","guid":{"rendered":"http:\/\/www.corumbaonline.com.br\/news\/?p=19662"},"modified":"2018-07-10T15:06:30","modified_gmt":"2018-07-10T19:06:30","slug":"festa-da-agricultura-familiar-acontece-sexta-feira-no-assentamento-tamarineiro","status":"publish","type":"post","link":"https:\/\/www.corumbaonline.com.br\/news\/festa-da-agricultura-familiar-acontece-sexta-feira-no-assentamento-tamarineiro\/","title":{"rendered":"Festa da Agricultura Familiar acontece sexta-feira no assentamento Tamarineiro"},"content":{"rendered":"<p>A Prefeitura de Corumb\u00e1, atrav\u00e9s da Secretaria Especial da Agricultura Familiar, promove na sexta-feira, 13 de julho, a 2\u00aa Festa da Agricultura Familiar (2\u00aa FESTAF) na Escola Eutr\u00f3pia Gomes Pedroso, no assentamento Tamarineiro, a partir das 09 horas. O prefeito Marcelo Iunes participa do evento.<\/p>\n<p>&nbsp;<\/p>\n<p>\u201cEstamos preparando um grande evento, que mais uma vez vai ressaltar o importante trabalho da agricultura familiar para o nosso Munic\u00edpio\u201d, declarou Mohamad Abdallah, titular da pasta da Agricultura Familiar. \u201cAl\u00e9m de mostrar tudo o que \u00e9 produzido nos assentamentos, vamos levar muita informa\u00e7\u00e3o e conhecimento \u00e0s fam\u00edlias assentadas que al\u00e9m do Tamarineiro, vir\u00e3o de outros assentamentos da regi\u00e3o\u201d, disse.<\/p>\n<p>&nbsp;<\/p>\n<p>O dia ser\u00e1 repleto de palestras, apresenta\u00e7\u00f5es e exposi\u00e7\u00f5es de produtos da agricultura familiar. A Funda\u00e7\u00e3o de Turismo vai apresentar o tema \u201cImport\u00e2ncia da Produ\u00e7\u00e3o Artesanal de Alimentos Tradicionais para o Turismo\u201d, buscando despertar nos assentados, tamb\u00e9m o interesse pela explora\u00e7\u00e3o do turismo na regi\u00e3o. Por outro lado, a Rede Feminina de Combate ao C\u00e2ncer promove um bate-papo sobre \u201cMitos e Verdades Sobre o c\u00e2ncer\u201d, com a media\u00e7\u00e3o do m\u00e9dico Ant\u00f4nio Godoy da UNACON.<\/p>\n<p>&nbsp;<\/p>\n<p>A EMBRAPA\/Pantanal apresentar\u00e1 palestra com o tema \u201cBiofortificados\u201d. Pela primeira vez, os integrantes do Projeto Rondon estar\u00e3o participando da a\u00e7\u00e3o com diversas palestras sobre potencialidades Tur\u00edsticas e Produ\u00e7\u00e3o Sustent\u00e1vel. Tamb\u00e9m ser\u00e3o oferecidas diversas a\u00e7\u00f5es por meio da Secretaria Municipal de Sa\u00fade, Funda\u00e7\u00e3o do Meio Ambiente, PROCON com informa\u00e7\u00f5es e apoio ao consumidor e Secretaria Especial de Cidadania e Direitos Humanos que far\u00e1 Cadastro do ID Jovem, Oficina de Grafitagem, oficina de Penteado Afro e diversas outras a\u00e7\u00f5es. Importantes parceiros tamb\u00e9m marcar\u00e3o presen\u00e7a no evento como o Grupo Votorantim com a PVE (Parceria Votorantim pela Educa\u00e7\u00e3o), Pol\u00edcia Militar Ambiental com exposi\u00e7\u00e3o de animais empalhados e AGRAER.<\/p>\n<p>&nbsp;<\/p>\n<p>Mohamad tamb\u00e9m destacou que a 2\u00aa FESTAF ainda contar\u00e1 com apresenta\u00e7\u00e3o da quadrilha Anjos Dourados (Lad\u00e1rio) e m\u00fasica ao vivo do cantor Ram\u00e3o Terra e convidados. \u201cEm 2017 alcan\u00e7amos um grande sucesso, a nossa expectativa \u00e9 de repetir esse sucesso com uma repercuss\u00e3o ainda maior em 2018, mobilizando e estimulando a agricultura familiar em todo o munic\u00edpio de Corumb\u00e1\u201d, finalizou o secret\u00e1rio Especial de Agricultura Familiar.<\/p>\n","protected":false},"excerpt":{"rendered":"<p>A Prefeitura de Corumb\u00e1, atrav\u00e9s da Secretaria Especial da Agricultura Familiar, promove na sexta-feira, 13&#8230;<\/p>\n","protected":false},"author":1,"featured_media":0,"comment_status":"closed","ping_status":"closed","sticky":false,"template":"","format":"standard","meta":{"footnotes":""},"categories":[2],"tags":[],"class_list":["post-19662","post","type-post","status-publish","format-standard","hentry","category-agropecuaria"],"_links":{"self":[{"href":"https:\/\/www.corumbaonline.com.br\/news\/wp-json\/wp\/v2\/posts\/19662","targetHints":{"allow":["GET"]}}],"collection":[{"href":"https:\/\/www.corumbaonline.com.br\/news\/wp-json\/wp\/v2\/posts"}],"about":[{"href":"https:\/\/www.corumbaonline.com.br\/news\/wp-json\/wp\/v2\/types\/post"}],"author":[{"embeddable":true,"href":"https:\/\/www.corumbaonline.com.br\/news\/wp-json\/wp\/v2\/users\/1"}],"replies":[{"embeddable":true,"href":"https:\/\/www.corumbaonline.com.br\/news\/wp-json\/wp\/v2\/comments?post=19662"}],"version-history":[{"count":1,"href":"https:\/\/www.corumbaonline.com.br\/news\/wp-json\/wp\/v2\/posts\/19662\/revisions"}],"predecessor-version":[{"id":19663,"href":"https:\/\/www.corumbaonline.com.br\/news\/wp-json\/wp\/v2\/posts\/19662\/revisions\/19663"}],"wp:attachment":[{"href":"https:\/\/www.corumbaonline.com.br\/news\/wp-json\/wp\/v2\/media?parent=19662"}],"wp:term":[{"taxonomy":"category","embeddable":true,"href":"https:\/\/www.corumbaonline.com.br\/news\/wp-json\/wp\/v2\/categories?post=19662"},{"taxonomy":"post_tag","embeddable":true,"href":"https:\/\/www.corumbaonline.com.br\/news\/wp-json\/wp\/v2\/tags?post=19662"}],"curies":[{"name":"wp","href":"https:\/\/api.w.org\/{rel}","templated":true}]}}