{"id":19681,"date":"2018-07-11T08:33:10","date_gmt":"2018-07-11T12:33:10","guid":{"rendered":"http:\/\/www.corumbaonline.com.br\/news\/?p=19681"},"modified":"2018-07-11T09:02:47","modified_gmt":"2018-07-11T13:02:47","slug":"faculdades-do-senai-da-capital-e-dourados-prorrogam-inscricoes-do-vestibular-de-inverno","status":"publish","type":"post","link":"https:\/\/www.corumbaonline.com.br\/news\/faculdades-do-senai-da-capital-e-dourados-prorrogam-inscricoes-do-vestibular-de-inverno\/","title":{"rendered":"Faculdades do Senai da Capital e Dourados prorrogam inscri\u00e7\u00f5es do vestibular de inverno"},"content":{"rendered":"<p>As faculdades de tecnologia do Senai de Campo Grande (FatecSenai Campo Grande) e de Dourados (FatecSenai Dourados) prorrogaram para o pr\u00f3ximo dia 30 de julho as inscri\u00e7\u00f5es do Vestibular de Inverno 2018, que terminariam nesta quarta-feira (11). Ao todo 200 vagas nos cursos superiores de Tecnologia em Automa\u00e7\u00e3o Industrial, Tecnologia em Manuten\u00e7\u00e3o Industrial, Tecnologia em Gest\u00e3o de Produ\u00e7\u00e3o Industrial e Tecnologia em Alimentos.<\/p>\n<p>&nbsp;<\/p>\n<p>As inscri\u00e7\u00f5es s\u00e3o gratuitas e podem ser feitas pelo site\u00a0<a href=\"http:\/\/www.meufuturoagora.com.br\/vestibular\/\">www.meufuturoagora.com.br\/vestibular\/<\/a>\u00a0ou diretamente nas secretarias acad\u00eamicas da FatecSenai Campo Grande e FatecSenai Dourados, sendo que todos os cursos s\u00e3o no per\u00edodo noturno. De acordo com o diretor-regional do Senai, Rodolpho Caesar Mangialardo, os profissionais formados pela institui\u00e7\u00e3o ampliam as oportunidades de conquistas de vagas no mercado de trabalho.<\/p>\n<p>&nbsp;<\/p>\n<p>\u201cAs ofertas na \u00e1rea de educa\u00e7\u00e3o de n\u00edvel superior do Senai est\u00e3o sempre alinhadas com as demandas das ind\u00fastrias de Mato Grosso do Sul. O Senai tem docentes qualificados e diferenciados em fun\u00e7\u00e3o da experi\u00eancia industrial assim como toda a sua estrutura de laborat\u00f3rios e equipamentos para aulas pr\u00e1ticas. Acreditamos sempre nas oportunidades em cada vez mais podermos desenvolver profissionais com estrutura t\u00e9cnica forte no intuito de fortalecer a ind\u00fastria estadual\u201d, refor\u00e7ou Rodolpho Caesar Mangialardo.<\/p>\n<p>&nbsp;<\/p>\n<p>As provas ser\u00e3o realizadas at\u00e9 o pr\u00f3ximo dia 30 de julho conforme agendamento, de segunda \u00e0 sexta-feira, das 13 \u00e0s 16 horas e das 19 \u00e0s 21 horas, e aos s\u00e1bados, das 13 \u00e0s 16 horas. Para fazer a prova, o candidato dever\u00e1 apresentar o comprovante de inscri\u00e7\u00e3o, documento oficial de identidade com foto, caneta esferogr\u00e1fica azul ou preta, l\u00e1pis e borracha. Al\u00e9m disso, o candidato que estiver cursando as 1\u00aa, 2\u00aa e 3\u00aa s\u00e9ries do Ensino M\u00e9dio ou equivalente somente poder\u00e1 se inscrever na condi\u00e7\u00e3o de treineiro.<\/p>\n<p>&nbsp;<\/p>\n<p>O resultado da prova agendada poder\u00e1 ser obtido nas secretarias acad\u00eamicas das respectivas faculdades e as matr\u00edculas podem ser feitas at\u00e9 o dia 1\u00ba de agosto, sendo que o in\u00edcio das aulas est\u00e1 previsto para o dia 6 de agosto. Candidatos portadores de diploma de curso superior ou que tenham nota do Enem igual ou superior a 450 pontos obtidas nas edi\u00e7\u00f5es realizadas ap\u00f3s 2011 n\u00e3o precisam participar do processo seletivo e podem efetuar a matr\u00edcula de forma direta, sem fazer a prova de vestibular.<\/p>\n<p>&nbsp;<\/p>\n<p>Os documentos necess\u00e1rios para a matr\u00edcula s\u00e3o: certid\u00e3o de nascimento ou casamento (original + duas c\u00f3pias), carteira de identidade (original + duas c\u00f3pias), t\u00edtulo de eleitor (original + duas c\u00f3pias), CPF (original + duas c\u00f3pias), hist\u00f3rico escolar do Ensino M\u00e9dio (original + duas c\u00f3pias), certificado de reservista ou prova de que est\u00e1 em dia com as obriga\u00e7\u00f5es militares (somente para candidatos do sexo masculino e com mais de 18 anos), comprovante de resid\u00eancia atualizado (original + uma c\u00f3pia) e uma foto 3&#215;4 colorida, frontal e recente.<\/p>\n","protected":false},"excerpt":{"rendered":"<p>As faculdades de tecnologia do Senai de Campo Grande (FatecSenai Campo Grande) e de Dourados&#8230;<\/p>\n","protected":false},"author":1,"featured_media":0,"comment_status":"closed","ping_status":"closed","sticky":false,"template":"","format":"standard","meta":{"footnotes":""},"categories":[10],"tags":[],"class_list":["post-19681","post","type-post","status-publish","format-standard","hentry","category-educacao"],"_links":{"self":[{"href":"https:\/\/www.corumbaonline.com.br\/news\/wp-json\/wp\/v2\/posts\/19681","targetHints":{"allow":["GET"]}}],"collection":[{"href":"https:\/\/www.corumbaonline.com.br\/news\/wp-json\/wp\/v2\/posts"}],"about":[{"href":"https:\/\/www.corumbaonline.com.br\/news\/wp-json\/wp\/v2\/types\/post"}],"author":[{"embeddable":true,"href":"https:\/\/www.corumbaonline.com.br\/news\/wp-json\/wp\/v2\/users\/1"}],"replies":[{"embeddable":true,"href":"https:\/\/www.corumbaonline.com.br\/news\/wp-json\/wp\/v2\/comments?post=19681"}],"version-history":[{"count":1,"href":"https:\/\/www.corumbaonline.com.br\/news\/wp-json\/wp\/v2\/posts\/19681\/revisions"}],"predecessor-version":[{"id":19682,"href":"https:\/\/www.corumbaonline.com.br\/news\/wp-json\/wp\/v2\/posts\/19681\/revisions\/19682"}],"wp:attachment":[{"href":"https:\/\/www.corumbaonline.com.br\/news\/wp-json\/wp\/v2\/media?parent=19681"}],"wp:term":[{"taxonomy":"category","embeddable":true,"href":"https:\/\/www.corumbaonline.com.br\/news\/wp-json\/wp\/v2\/categories?post=19681"},{"taxonomy":"post_tag","embeddable":true,"href":"https:\/\/www.corumbaonline.com.br\/news\/wp-json\/wp\/v2\/tags?post=19681"}],"curies":[{"name":"wp","href":"https:\/\/api.w.org\/{rel}","templated":true}]}}