{"id":19716,"date":"2018-07-11T11:18:18","date_gmt":"2018-07-11T15:18:18","guid":{"rendered":"http:\/\/www.corumbaonline.com.br\/news\/?p=19716"},"modified":"2018-07-11T12:16:04","modified_gmt":"2018-07-11T16:16:04","slug":"portaria-institui-programa-de-apoio-ao-novo-ensino-medio","status":"publish","type":"post","link":"https:\/\/www.corumbaonline.com.br\/news\/portaria-institui-programa-de-apoio-ao-novo-ensino-medio\/","title":{"rendered":"Portaria institui Programa de Apoio ao Novo Ensino M\u00e9dio"},"content":{"rendered":"<p>Portaria do Minist\u00e9rio da Educa\u00e7\u00e3o publicada na edi\u00e7\u00e3o de hoje (11) do\u00a0<em>Di\u00e1rio Oficial da Uni\u00e3o<\/em>\u00a0institui o Programa de Apoio ao Novo Ensino M\u00e9dio. O programa vai apoiar as secretarias de educa\u00e7\u00e3o estaduais e do Distrito Federal na elabora\u00e7\u00e3o e execu\u00e7\u00e3o do plano de implementa\u00e7\u00e3o de novo curr\u00edculo que contemple a Base Nacional Comum Curricular, e os diferentes itiner\u00e1rios formativos e a amplia\u00e7\u00e3o de carga hor\u00e1ria para mil horas anuais.<\/p>\n<p>As secretarias receber\u00e3o apoio t\u00e9cnico para elabora\u00e7\u00e3o, execu\u00e7\u00e3o, monitoramento e avalia\u00e7\u00e3o do Plano de Implementa\u00e7\u00e3o do Novo Ensino M\u00e9dio, materiais de orienta\u00e7\u00e3o t\u00e9cnico-pedag\u00f3gica e de gest\u00e3o e ferramentas digitais para auxiliar no acompanhamento e monitoramento.<\/p>\n<p>A ades\u00e3o das secretarias de Educa\u00e7\u00e3o ao Programa dever\u00e1 ser formalizada por meio da assinatura de termo de compromisso. Ao aderir, a secretaria se compromete a elaborar e executar o Plano; a validar os produtos elaborados pelas assist\u00eancias t\u00e9cnicas, que ser\u00e3o encaminhados \u00e0 Secretaria de Educa\u00e7\u00e3o B\u00e1sica; a implantar escolas-piloto com curr\u00edculo flex\u00edvel com a oferta de itiner\u00e1rios formativos, a partir de 2019; e a implantar o curr\u00edculo flex\u00edvel com a oferta de, no m\u00ednimo, dois itiner\u00e1rios formativos, em 100 por cento das escolas do Ensino M\u00e9dio em Tempo Integral, at\u00e9 2022.<\/p>\n","protected":false},"excerpt":{"rendered":"<p>Portaria do Minist\u00e9rio da Educa\u00e7\u00e3o publicada na edi\u00e7\u00e3o de hoje (11) do\u00a0Di\u00e1rio Oficial da Uni\u00e3o\u00a0institui&#8230;<\/p>\n","protected":false},"author":1,"featured_media":0,"comment_status":"closed","ping_status":"closed","sticky":false,"template":"","format":"standard","meta":{"footnotes":""},"categories":[10],"tags":[],"class_list":["post-19716","post","type-post","status-publish","format-standard","hentry","category-educacao"],"_links":{"self":[{"href":"https:\/\/www.corumbaonline.com.br\/news\/wp-json\/wp\/v2\/posts\/19716","targetHints":{"allow":["GET"]}}],"collection":[{"href":"https:\/\/www.corumbaonline.com.br\/news\/wp-json\/wp\/v2\/posts"}],"about":[{"href":"https:\/\/www.corumbaonline.com.br\/news\/wp-json\/wp\/v2\/types\/post"}],"author":[{"embeddable":true,"href":"https:\/\/www.corumbaonline.com.br\/news\/wp-json\/wp\/v2\/users\/1"}],"replies":[{"embeddable":true,"href":"https:\/\/www.corumbaonline.com.br\/news\/wp-json\/wp\/v2\/comments?post=19716"}],"version-history":[{"count":1,"href":"https:\/\/www.corumbaonline.com.br\/news\/wp-json\/wp\/v2\/posts\/19716\/revisions"}],"predecessor-version":[{"id":19717,"href":"https:\/\/www.corumbaonline.com.br\/news\/wp-json\/wp\/v2\/posts\/19716\/revisions\/19717"}],"wp:attachment":[{"href":"https:\/\/www.corumbaonline.com.br\/news\/wp-json\/wp\/v2\/media?parent=19716"}],"wp:term":[{"taxonomy":"category","embeddable":true,"href":"https:\/\/www.corumbaonline.com.br\/news\/wp-json\/wp\/v2\/categories?post=19716"},{"taxonomy":"post_tag","embeddable":true,"href":"https:\/\/www.corumbaonline.com.br\/news\/wp-json\/wp\/v2\/tags?post=19716"}],"curies":[{"name":"wp","href":"https:\/\/api.w.org\/{rel}","templated":true}]}}