{"id":19727,"date":"2018-07-12T08:05:30","date_gmt":"2018-07-12T12:05:30","guid":{"rendered":"http:\/\/www.corumbaonline.com.br\/news\/?p=19727"},"modified":"2018-07-12T07:54:08","modified_gmt":"2018-07-12T11:54:08","slug":"reme-promove-consulta-a-comunidade-escolar-para-diretor-e-colegiado","status":"publish","type":"post","link":"https:\/\/www.corumbaonline.com.br\/news\/reme-promove-consulta-a-comunidade-escolar-para-diretor-e-colegiado\/","title":{"rendered":"REME promove consulta \u00e0 comunidade escolar para diretor e colegiado"},"content":{"rendered":"<p>A Prefeitura de Corumb\u00e1, por meio da Secretaria Municipal de Educa\u00e7\u00e3o, realiza nesta quinta-feira, 12 de julho, em todas as escolas da Rede Municipal de Ensino (REME), uma consulta \u00e0 comunidade escolar para indica\u00e7\u00e3o de nomes para cargo de diretor das unidades de ensino e colegiado. O processo acontece at\u00e9 \u00e0s 19 horas.<\/p>\n<p>&nbsp;<\/p>\n<p>\u201cVai ser uma consulta \u00e0 comunidade escolar de nomes que pleiteiam ser diretor, gestor da escola. Isso, com base num curso de gest\u00e3o que foi promovido pela Secretaria Municipal de Educa\u00e7\u00e3o. Dessa capacita\u00e7\u00e3o sa\u00edram os aptos a colocar o nome \u00e0 disposi\u00e7\u00e3o da comunidade\u201d, explicou o secret\u00e1rio Municipal de Educa\u00e7\u00e3o, Genilson Canavarro de Abreu.<\/p>\n<p>&nbsp;<\/p>\n<p>A capacita\u00e7\u00e3o para exerc\u00edcio da fun\u00e7\u00e3o de diretor de escola aconteceu de 18 a 29 de junho. O objetivo foi capacitar os participantes para atua\u00e7\u00e3o de forma eficiente na gest\u00e3o escolar levando em conta, al\u00e9m de aspectos administrativos e financeiros, aspectos pol\u00edticos, pedag\u00f3gicos, culturais e sociais que envolvem o processo educacional.<\/p>\n<p>&nbsp;<\/p>\n<p>De acordo com o secret\u00e1rio, os nomes indicados pela consulta \u00e0 comunidade escolar ser\u00e3o indicados ao prefeito Marcelo Iunes. Os nomes ainda v\u00e3o passar por avalia\u00e7\u00e3o para ver se cumprem crit\u00e9rios previamente estabelecidos pelo Munic\u00edpio at\u00e9 a homologa\u00e7\u00e3o pelo chefe do Executivo Municipal. Um desses crit\u00e9rios estabelece que o servidor n\u00e3o esteja respondendo sindic\u00e2ncia administrativa. \u201c\u00c9 um cargo de confian\u00e7a do prefeito. \u00c9 um cargo de livre nomea\u00e7\u00e3o e livre exonera\u00e7\u00e3o do prefeito\u201d, disse o titular da Secretaria de Educa\u00e7\u00e3o. O planejamento prev\u00ea a nomea\u00e7\u00e3o e posse dos gestores ainda em julho, mais precisamente no dia 30 deste m\u00eas.<\/p>\n<p>&nbsp;<\/p>\n<p>Resolu\u00e7\u00e3o da Secretaria Municipal de Educa\u00e7\u00e3o, estabelece que a vota\u00e7\u00e3o ser\u00e1 por segmentos de: servidores das carreiras Profissional de Educa\u00e7\u00e3o B\u00e1sica e Apoio \u00e0 Educa\u00e7\u00e3o B\u00e1sica, lotados na unidade escolar; alunos maiores de 12 (doze) anos, regularmente matriculados e frequentes na unidade escolar; pais ou respons\u00e1veis dos alunos menores de 18 (dezoito) anos, estes, regularmente matriculados e frequentes na unidade escolar.<\/p>\n<p>&nbsp;<\/p>\n<p>A comunidade escolar eleger\u00e1, entre seus pares, os membros do Colegiado Escolar por meio de voto secreto e direto. As se\u00e7\u00f5es eleitorais ser\u00e3o instaladas em locais adequados e que assegurem a privacidade e o voto secreto do eleitor. As c\u00e9dulas de vota\u00e7\u00e3o ser\u00e3o identificadas por segmento. Cada eleitor ter\u00e1 direito a 01 (um) voto, sendo vedado o voto em duplicidade por aqueles que pertencerem a mais de um segmento representativo em uma mesma unidade escolar. \u00a0Em rela\u00e7\u00e3o ao exerc\u00edcio do direito de voto pelo pai, m\u00e3e ou representante legal dos alunos menores de 18 (dezoito) anos, apenas 01 (um) destes exercer\u00e1 o direito de voto, independentemente do n\u00famero de filhos\/ representados matriculados na unidade escolar. N\u00e3o ser\u00e1 permitido o voto por procura\u00e7\u00e3o.<\/p>\n<p>&nbsp;<\/p>\n<p>Os profissionais de Educa\u00e7\u00e3o designados para exercer a fun\u00e7\u00e3o de confian\u00e7a de Diretor de Escola celebrar\u00e3o com a Secretaria Municipal de Educa\u00e7\u00e3o um Contrato de Gest\u00e3o, o qual contemplar\u00e1 as compet\u00eancias de gest\u00e3o administrativa, pedag\u00f3gica e financeira, al\u00e9m de outras decorrentes do exerc\u00edcio do cargo. A execu\u00e7\u00e3o do Contrato de Gest\u00e3o ser\u00e1 acompanhada e avaliada pela Secretaria Municipal de Educa\u00e7\u00e3o, a cada doze meses, conforme regulamento pr\u00f3prio.<\/p>\n","protected":false},"excerpt":{"rendered":"<p>A Prefeitura de Corumb\u00e1, por meio da Secretaria Municipal de Educa\u00e7\u00e3o, realiza nesta quinta-feira, 12&#8230;<\/p>\n","protected":false},"author":1,"featured_media":0,"comment_status":"closed","ping_status":"closed","sticky":false,"template":"","format":"standard","meta":{"footnotes":""},"categories":[10],"tags":[],"class_list":["post-19727","post","type-post","status-publish","format-standard","hentry","category-educacao"],"_links":{"self":[{"href":"https:\/\/www.corumbaonline.com.br\/news\/wp-json\/wp\/v2\/posts\/19727","targetHints":{"allow":["GET"]}}],"collection":[{"href":"https:\/\/www.corumbaonline.com.br\/news\/wp-json\/wp\/v2\/posts"}],"about":[{"href":"https:\/\/www.corumbaonline.com.br\/news\/wp-json\/wp\/v2\/types\/post"}],"author":[{"embeddable":true,"href":"https:\/\/www.corumbaonline.com.br\/news\/wp-json\/wp\/v2\/users\/1"}],"replies":[{"embeddable":true,"href":"https:\/\/www.corumbaonline.com.br\/news\/wp-json\/wp\/v2\/comments?post=19727"}],"version-history":[{"count":1,"href":"https:\/\/www.corumbaonline.com.br\/news\/wp-json\/wp\/v2\/posts\/19727\/revisions"}],"predecessor-version":[{"id":19728,"href":"https:\/\/www.corumbaonline.com.br\/news\/wp-json\/wp\/v2\/posts\/19727\/revisions\/19728"}],"wp:attachment":[{"href":"https:\/\/www.corumbaonline.com.br\/news\/wp-json\/wp\/v2\/media?parent=19727"}],"wp:term":[{"taxonomy":"category","embeddable":true,"href":"https:\/\/www.corumbaonline.com.br\/news\/wp-json\/wp\/v2\/categories?post=19727"},{"taxonomy":"post_tag","embeddable":true,"href":"https:\/\/www.corumbaonline.com.br\/news\/wp-json\/wp\/v2\/tags?post=19727"}],"curies":[{"name":"wp","href":"https:\/\/api.w.org\/{rel}","templated":true}]}}