{"id":19733,"date":"2018-07-12T08:33:23","date_gmt":"2018-07-12T12:33:23","guid":{"rendered":"http:\/\/www.corumbaonline.com.br\/news\/?p=19733"},"modified":"2018-07-12T09:04:05","modified_gmt":"2018-07-12T13:04:05","slug":"senado-aprova-mp-que-fixa-frete-e-da-anistia-a-caminhoneiros","status":"publish","type":"post","link":"https:\/\/www.corumbaonline.com.br\/news\/senado-aprova-mp-que-fixa-frete-e-da-anistia-a-caminhoneiros\/","title":{"rendered":"Senado aprova MP que fixa frete e d\u00e1 anistia a caminhoneiros"},"content":{"rendered":"<p>O Senado aprovou, ap\u00f3s acordo entre os parlamentares, a Medida Provis\u00f3ria (MP) 832\/18, que permite \u00e0 Ag\u00eancia Nacional de Transportes Terrestres (ANTT) definir um valor m\u00ednimo para o frete no transporte de cargas. A mat\u00e9ria segue agora para san\u00e7\u00e3o presidencial. O texto foi\u00a0<a href=\"http:\/\/agenciabrasil.ebc.com.br\/politica\/noticia\/2018-07\/aprovada-na-camara-mp-do-frete-segue-para-apreciacao-no-senado\">aprovado\u00a0<\/a>tamb\u00e9m nesta quarta-feira (11) pela C\u00e2mara dos Deputados.<\/p>\n<p>Para agilizar a vota\u00e7\u00e3o, os senadores n\u00e3o discutiram a mat\u00e9ria no plen\u00e1rio. A medida foi uma das reivindica\u00e7\u00f5es dos caminhoneiros que paralisaram as estradas de todo o pa\u00eds no m\u00eas de maio, mas enfrenta forte resist\u00eancia do agroneg\u00f3cio.<\/p>\n<div class=\"dnd-widget-wrapper context-cheio_8colunas type-image\">\n<div class=\"dnd-atom-rendered\">\n<figure class=\"mejs-fotoh-wrapper\">\n<p><figure style=\"width: 754px\" class=\"wp-caption alignnone\"><img loading=\"lazy\" decoding=\"async\" class=\"img-responsive full full\" title=\"Valter Campanato\/Ag\u00eancia Brasil\/Ag\u00eancia Brasil\" src=\"http:\/\/imagens.ebc.com.br\/82XPrGMUxTKHt_GssLmMOq-4nBc=\/754x0\/smart\/http:\/\/agenciabrasil.ebc.com.br\/sites\/default\/files\/thumbnails\/image\/vac_abr2505182927.jpg?itok=bNqgePFS\" alt=\"Caminhoneiros paralisam a BR-040 , em Valpara\u00edso de GO durante manifesta\u00e7\u00e3o contra o aumento de combust\u00edveis.\" width=\"754\" height=\"503\" \/><figcaption class=\"wp-caption-text\">Pelo texto, tabela do frete deve ser publicada duas vezes no ano (Valter Campanato\/Arquivo\/Ag\u00eancia Brasil)<\/figcaption><\/figure><\/figure>\n<\/div>\n<\/div>\n<p>Pelo texto, fica institu\u00edda a Pol\u00edtica Nacional de Pisos M\u00ednimos do Transporte Rodovi\u00e1rio de Cargas e estabelecida a proibi\u00e7\u00e3o de fechar qualquer acordo de fretes em valores inferiores aos pisos m\u00ednimos. A tabela ter\u00e1 validade em territ\u00f3rio nacional e dever\u00e1 refletir os custos operacionais totais do transporte, com prioridade para os custos do \u00f3leo diesel e dos ped\u00e1gios.<\/p>\n<p>A tabela do frete deve considerar o quil\u00f4metro rodado por eixo carregado, as dist\u00e2ncias e as especificidades das cargas segundo a defini\u00e7\u00e3o dada pela pr\u00f3pria MP (carga geral, a granel, de frigor\u00edfico, perigosa ou neogranel). Para dar visibilidade ao c\u00e1lculo, a norma da ANTT deve incluir tamb\u00e9m a planilha de c\u00e1lculos utilizada para chegar aos fretes m\u00ednimos.<\/p>\n<p>O texto prev\u00ea que a tabela seja publicada duas vezes no ano \u2013 at\u00e9 20 de janeiro e 20 de julho \u2013 com validade para o semestre. Caso a nova tabela n\u00e3o seja publicada nesses prazos, a anterior continuar\u00e1 vigente e seus valores ser\u00e3o atualizados pelo \u00cdndice Nacional de Pre\u00e7os ao Consumidor Amplo (IPCA) no per\u00edodo acumulado.<\/p>\n<p>A medida tamb\u00e9m estabelece que sempre que ocorrer oscila\u00e7\u00e3o no pre\u00e7o do \u00f3leo diesel no mercado nacional superior a 10% em rela\u00e7\u00e3o ao pre\u00e7o m\u00ednimo, para mais ou para menos, a ANTT publique nova norma com pisos, considerando a varia\u00e7\u00e3o no pre\u00e7o do combust\u00edvel. Pelo texto, caber\u00e1 \u00e0 ANTT tomar as provid\u00eancias para que a medida seja, de fato, implementada, bem como as puni\u00e7\u00f5es, quando couberem.<\/p>\n<p><strong>Anistia<\/strong><\/p>\n<p>O texto aprovado manteve a concess\u00e3o de anistia aos caminhoneiros e \u00e0s empresas transportadoras em rela\u00e7\u00e3o \u00e0s multas e san\u00e7\u00f5es aplicadas durante a paralisa\u00e7\u00e3o da categoria.<\/p>\n<p>O item foi inclu\u00eddo na C\u00e2mara dos Deputados pelo relator da proposta na Casa, deputado Osmar Terra (MDB-RS). No entanto, h\u00e1 um compromisso do governo com partidos contr\u00e1rios \u00e0 defini\u00e7\u00e3o do frete m\u00ednimo para que o presidente Michel Temer vete o dispositivo.<\/p>\n","protected":false},"excerpt":{"rendered":"<p>O Senado aprovou, ap\u00f3s acordo entre os parlamentares, a Medida Provis\u00f3ria (MP) 832\/18, que permite&#8230;<\/p>\n","protected":false},"author":1,"featured_media":0,"comment_status":"closed","ping_status":"closed","sticky":false,"template":"","format":"standard","meta":{"footnotes":""},"categories":[19],"tags":[],"class_list":["post-19733","post","type-post","status-publish","format-standard","hentry","category-politica"],"_links":{"self":[{"href":"https:\/\/www.corumbaonline.com.br\/news\/wp-json\/wp\/v2\/posts\/19733","targetHints":{"allow":["GET"]}}],"collection":[{"href":"https:\/\/www.corumbaonline.com.br\/news\/wp-json\/wp\/v2\/posts"}],"about":[{"href":"https:\/\/www.corumbaonline.com.br\/news\/wp-json\/wp\/v2\/types\/post"}],"author":[{"embeddable":true,"href":"https:\/\/www.corumbaonline.com.br\/news\/wp-json\/wp\/v2\/users\/1"}],"replies":[{"embeddable":true,"href":"https:\/\/www.corumbaonline.com.br\/news\/wp-json\/wp\/v2\/comments?post=19733"}],"version-history":[{"count":2,"href":"https:\/\/www.corumbaonline.com.br\/news\/wp-json\/wp\/v2\/posts\/19733\/revisions"}],"predecessor-version":[{"id":19736,"href":"https:\/\/www.corumbaonline.com.br\/news\/wp-json\/wp\/v2\/posts\/19733\/revisions\/19736"}],"wp:attachment":[{"href":"https:\/\/www.corumbaonline.com.br\/news\/wp-json\/wp\/v2\/media?parent=19733"}],"wp:term":[{"taxonomy":"category","embeddable":true,"href":"https:\/\/www.corumbaonline.com.br\/news\/wp-json\/wp\/v2\/categories?post=19733"},{"taxonomy":"post_tag","embeddable":true,"href":"https:\/\/www.corumbaonline.com.br\/news\/wp-json\/wp\/v2\/tags?post=19733"}],"curies":[{"name":"wp","href":"https:\/\/api.w.org\/{rel}","templated":true}]}}