{"id":19748,"date":"2018-07-12T09:46:23","date_gmt":"2018-07-12T13:46:23","guid":{"rendered":"http:\/\/www.corumbaonline.com.br\/news\/?p=19748"},"modified":"2018-07-12T10:11:49","modified_gmt":"2018-07-12T14:11:49","slug":"reajuste-para-agentes-comunitarios-de-saude-e-aprovado-no-senado","status":"publish","type":"post","link":"https:\/\/www.corumbaonline.com.br\/news\/reajuste-para-agentes-comunitarios-de-saude-e-aprovado-no-senado\/","title":{"rendered":"Reajuste para agentes comunit\u00e1rios de sa\u00fade \u00e9 aprovado no Senado"},"content":{"rendered":"<p><strong><\/strong>O Senado aprovou nesta quarta-feira (11) a Medida Provis\u00f3ria (MP) 827\/2018 que trata da atua\u00e7\u00e3o dos agentes comunit\u00e1rios de sa\u00fade. A proposta aumenta o piso salarial da categoria em 52,86% ao longo de tr\u00eas anos. A mat\u00e9ria vai \u00e0 san\u00e7\u00e3o presidencial.<\/p>\n<p>O texto estabelece que o piso atual de R$ 1.014,00 passar\u00e1 a ser de R$ 1.250,00 em 2019 (23,27%); de R$ 1.400,00 em 2020 (12%); e de R$ 1.550,00 em 2021 (10,71%). O piso salarial ser\u00e1 reajustado, anualmente, em 1\u00ba de janeiro, a partir do ano de 2022 e deve ser fixado pela Lei de Diretrizes Or\u00e7ament\u00e1rias (LDO).<\/p>\n<p>A proposta estabelece uma jornada de trabalho de 40 horas. A medida estipula que, a cada dois anos, os agentes de sa\u00fade frequentar\u00e3o cursos de aperfei\u00e7oamento que ser\u00e3o organizados e financiados, de modo tripartite, pela Uni\u00e3o, estados ou o Distrito Federal e munic\u00edpios. J\u00e1 o transporte dos agentes at\u00e9 os locais de atua\u00e7\u00e3o ser\u00e1 financiado pelo Ente Federativo ao qual o profissional estiver vinculado.<\/p>\n<p>A mat\u00e9ria tamb\u00e9m prev\u00ea a presen\u00e7a de agentes comunit\u00e1rios de sa\u00fade na Estrat\u00e9gia de Sa\u00fade da Fam\u00edlia e de agentes de combates de endemias na estrutura de vigil\u00e2ncia epidemiol\u00f3gica e ambiental.<\/p>\n<p>A mat\u00e9ria,\u00a0<a href=\"http:\/\/agenciabrasil.ebc.com.br\/politica\/noticia\/2018-07\/mp-que-aumenta-piso-de-agentes-comunitarios-e-aprovada-na-camara\" target=\"_blank\" rel=\"noopener noreferrer\">j\u00e1 aprovada na madrugada desta quarta-feira na C\u00e2mara dos Deputados<\/a>, foi muito comemorada pela categoria. O texto da MP 827 foi negociado com os agentes comunit\u00e1rios de sa\u00fade ap\u00f3s os vetos presidenciais \u00e0 Lei 13.595\/18, que alterou diversos pontos da legisla\u00e7\u00e3o da categoria. Segundo o governo, esses vetos eram necess\u00e1rios para preservar a autonomia de estados e munic\u00edpios sobre o trabalho dos agentes comunit\u00e1rios.<\/p>\n","protected":false},"excerpt":{"rendered":"<p>O Senado aprovou nesta quarta-feira (11) a Medida Provis\u00f3ria (MP) 827\/2018 que trata da atua\u00e7\u00e3o&#8230;<\/p>\n","protected":false},"author":1,"featured_media":0,"comment_status":"closed","ping_status":"closed","sticky":false,"template":"","format":"standard","meta":{"footnotes":""},"categories":[19],"tags":[],"class_list":["post-19748","post","type-post","status-publish","format-standard","hentry","category-politica"],"_links":{"self":[{"href":"https:\/\/www.corumbaonline.com.br\/news\/wp-json\/wp\/v2\/posts\/19748","targetHints":{"allow":["GET"]}}],"collection":[{"href":"https:\/\/www.corumbaonline.com.br\/news\/wp-json\/wp\/v2\/posts"}],"about":[{"href":"https:\/\/www.corumbaonline.com.br\/news\/wp-json\/wp\/v2\/types\/post"}],"author":[{"embeddable":true,"href":"https:\/\/www.corumbaonline.com.br\/news\/wp-json\/wp\/v2\/users\/1"}],"replies":[{"embeddable":true,"href":"https:\/\/www.corumbaonline.com.br\/news\/wp-json\/wp\/v2\/comments?post=19748"}],"version-history":[{"count":1,"href":"https:\/\/www.corumbaonline.com.br\/news\/wp-json\/wp\/v2\/posts\/19748\/revisions"}],"predecessor-version":[{"id":19750,"href":"https:\/\/www.corumbaonline.com.br\/news\/wp-json\/wp\/v2\/posts\/19748\/revisions\/19750"}],"wp:attachment":[{"href":"https:\/\/www.corumbaonline.com.br\/news\/wp-json\/wp\/v2\/media?parent=19748"}],"wp:term":[{"taxonomy":"category","embeddable":true,"href":"https:\/\/www.corumbaonline.com.br\/news\/wp-json\/wp\/v2\/categories?post=19748"},{"taxonomy":"post_tag","embeddable":true,"href":"https:\/\/www.corumbaonline.com.br\/news\/wp-json\/wp\/v2\/tags?post=19748"}],"curies":[{"name":"wp","href":"https:\/\/api.w.org\/{rel}","templated":true}]}}