{"id":19751,"date":"2018-07-12T09:57:39","date_gmt":"2018-07-12T13:57:39","guid":{"rendered":"http:\/\/www.corumbaonline.com.br\/news\/?p=19751"},"modified":"2018-07-12T10:22:16","modified_gmt":"2018-07-12T14:22:16","slug":"inscricoes-para-fies-comecam-em-16-de-julho-confira-os-prazos","status":"publish","type":"post","link":"https:\/\/www.corumbaonline.com.br\/news\/inscricoes-para-fies-comecam-em-16-de-julho-confira-os-prazos\/","title":{"rendered":"Inscri\u00e7\u00f5es para Fies come\u00e7am em 16 de julho; confira os prazos"},"content":{"rendered":"<p dir=\"ltr\">Minist\u00e9rio da Educa\u00e7\u00e3o (MEC) divulgou, na \u00faltima ter\u00e7a-feira (10), o edital do Fundo de Financiamento Estudantil (Fies) para o segundo semestre de 2018. As inscri\u00e7\u00f5es come\u00e7am na pr\u00f3xima segunda-feira (16) e encerram-se no dia 22 de julho. Os interessados devem se inscrever exclusivamente pelo\u00a0<a class=\"external-link\" title=\"\" href=\"http:\/\/fiesselecao.mec.gov.br\/\" target=\"_blank\" rel=\"noopener noreferrer\" data-tippreview-enabled=\"false\" data-tippreview-image=\"\" data-tippreview-title=\"\">site do Fies Sele\u00e7\u00e3o<\/a>.<\/p>\n<h1>Quem pode concorrer<\/h1>\n<p>Al\u00e9m da comprova\u00e7\u00e3o da renda, o candidato deve ter feito uma das edi\u00e7\u00f5es do Exame Nacional do Ensino M\u00e9dio (Enem) a partir de 2010, com m\u00e9dia igual ou superior a 450 pontos e nota maior que zero na reda\u00e7\u00e3o. Durante o curso, o estudante deve ter rendimento para ser aprovado em todas as mat\u00e9rias.<\/p>\n<h1>Diferen\u00e7a entre as modalidades<\/h1>\n<p>O\u00a0<a class=\"external-link\" title=\"\" href=\"http:\/\/fies.mec.gov.br\/index.php#conheca-fies\" target=\"_blank\" rel=\"noopener noreferrer\" data-tippreview-enabled=\"false\" data-tippreview-image=\"\" data-tippreview-title=\"\">Novo Fies<\/a>\u00a0divide o programa em tr\u00eas modalidades, oferecendo uma escala de financiamentos que varia conforme a renda familiar do candidato.<\/p>\n<p>Na primeira modalidade, direcionada para alunos cuja renda familiar mensal \u00e9 de at\u00e9 tr\u00eas sal\u00e1rios m\u00ednimos, o financiamento \u00e9 feito diretamente pelo governo, com juro zero. O programa tem o aux\u00edlio do Fundo Garantidor, composto por verbas da Uni\u00e3o e das Institui\u00e7\u00f5es de Ensino. O financiamento, nesse caso, \u00e9 de, no m\u00ednimo, 50% do curso e, no m\u00e1ximo, R$ 42 mil por semestre. O estudante come\u00e7ar\u00e1 a pagar as presta\u00e7\u00f5es respeitando o seu limite de renda.<\/p>\n<p>As duas outras modalidades, chamadas de Programa de Financiamento Estudantil (P-Fies), s\u00e3o voltadas para quem tem renda renda per capita mensal entre tr\u00eas e cinco sal\u00e1rios m\u00ednimos. O financiamento \u00e9 oferecido pelas institui\u00e7\u00f5es financeiras. Como elas t\u00eam recursos p\u00fablicos, s\u00e3o capazes de ofertar um valor mais barato que o mercado, por\u00e9m mais caro que o da modalidade I.<\/p>\n<p>A modalidade II \u00e9 utilizada nas regi\u00f5es Norte, Nordeste e Centro-Oeste, e a fonte de financiamento s\u00e3o os Fundos Constitucionais. Na terceira modalidade, para as demais regi\u00f5es, os recursos s\u00e3o do Banco Nacional de Desenvolvimento Econ\u00f4mico e Social (BNDES).<\/p>\n<p><img decoding=\"async\" class=\"image-inline lazyloaded\" title=\"Calend\u00e1rio Fies 2018\" src=\"http:\/\/www.brasil.gov.br\/editoria\/educacao-e-ciencia\/2018\/07\/inscricoes-para-fies-comecam-em-16-de-julho-confira-os-prazos\/bannerfies.png\" alt=\"Calend\u00e1rio Fies 2018\" data-src=\"http:\/\/www.brasil.gov.br\/editoria\/educacao-e-ciencia\/2018\/07\/inscricoes-para-fies-comecam-em-16-de-julho-confira-os-prazos\/bannerfies.png\" \/><\/p>\n<h1>Prazos<\/h1>\n<p>O resultado ser\u00e1 publicado no dia 27 de julho. Em caso de pr\u00e9-sele\u00e7\u00e3o, o candidato deve complementar informa\u00e7\u00f5es da inscri\u00e7\u00e3o e fechar o contrato de financiamento entre os dias 27 e 31 de julho. Ap\u00f3s essas etapas, o candidato tem cinco dias para comprovar informa\u00e7\u00f5es junto \u00e0 comiss\u00e3o respons\u00e1vel pela valida\u00e7\u00e3o dos dados informados. A etapa seguinte \u00e9 o comparecimento ao agente financeiro.<\/p>\n<p dir=\"ltr\">No caso dos estudantes inscritos no P-Fies, n\u00e3o haver\u00e1 lista de espera. Os demais podem manifestar interesse entre os dias 1\u00ba e 24 de agosto.<\/p>\n","protected":false},"excerpt":{"rendered":"<p>Minist\u00e9rio da Educa\u00e7\u00e3o (MEC) divulgou, na \u00faltima ter\u00e7a-feira (10), o edital do Fundo de Financiamento&#8230;<\/p>\n","protected":false},"author":1,"featured_media":0,"comment_status":"closed","ping_status":"closed","sticky":false,"template":"","format":"standard","meta":{"footnotes":""},"categories":[10],"tags":[],"class_list":["post-19751","post","type-post","status-publish","format-standard","hentry","category-educacao"],"_links":{"self":[{"href":"https:\/\/www.corumbaonline.com.br\/news\/wp-json\/wp\/v2\/posts\/19751","targetHints":{"allow":["GET"]}}],"collection":[{"href":"https:\/\/www.corumbaonline.com.br\/news\/wp-json\/wp\/v2\/posts"}],"about":[{"href":"https:\/\/www.corumbaonline.com.br\/news\/wp-json\/wp\/v2\/types\/post"}],"author":[{"embeddable":true,"href":"https:\/\/www.corumbaonline.com.br\/news\/wp-json\/wp\/v2\/users\/1"}],"replies":[{"embeddable":true,"href":"https:\/\/www.corumbaonline.com.br\/news\/wp-json\/wp\/v2\/comments?post=19751"}],"version-history":[{"count":1,"href":"https:\/\/www.corumbaonline.com.br\/news\/wp-json\/wp\/v2\/posts\/19751\/revisions"}],"predecessor-version":[{"id":19752,"href":"https:\/\/www.corumbaonline.com.br\/news\/wp-json\/wp\/v2\/posts\/19751\/revisions\/19752"}],"wp:attachment":[{"href":"https:\/\/www.corumbaonline.com.br\/news\/wp-json\/wp\/v2\/media?parent=19751"}],"wp:term":[{"taxonomy":"category","embeddable":true,"href":"https:\/\/www.corumbaonline.com.br\/news\/wp-json\/wp\/v2\/categories?post=19751"},{"taxonomy":"post_tag","embeddable":true,"href":"https:\/\/www.corumbaonline.com.br\/news\/wp-json\/wp\/v2\/tags?post=19751"}],"curies":[{"name":"wp","href":"https:\/\/api.w.org\/{rel}","templated":true}]}}