{"id":19769,"date":"2018-07-12T11:50:29","date_gmt":"2018-07-12T15:50:29","guid":{"rendered":"http:\/\/www.corumbaonline.com.br\/news\/?p=19769"},"modified":"2018-07-12T12:13:11","modified_gmt":"2018-07-12T16:13:11","slug":"ministro-suspende-por-90-dias-procedimentos-sobre-registro-sindical","status":"publish","type":"post","link":"https:\/\/www.corumbaonline.com.br\/news\/ministro-suspende-por-90-dias-procedimentos-sobre-registro-sindical\/","title":{"rendered":"Ministro suspende por 90 dias procedimentos sobre registro sindical"},"content":{"rendered":"<p>Nos primeiros dias no comando do Minist\u00e9rio do Trabalho, o ministro Caio Vieira de Mello, suspendeu por 90 dias todos os procedimentos de an\u00e1lise e publica\u00e7\u00f5es relativas ao registro sindical. A determina\u00e7\u00e3o est\u00e1 em portaria publicada na edi\u00e7\u00e3o de hoje (12) do\u00a0<em>Di\u00e1rio Oficial da Uni\u00e3o<\/em><\/p>\n<p>O texto especifica que ficam exclu\u00eddos da regra da portaria os processos com determina\u00e7\u00e3o judicial para cumprimento. Em 1\u00b0 de junho, o minist\u00e9rio j\u00e1 havia\u00a0<a href=\"http:\/\/agenciabrasil.ebc.com.br\/geral\/noticia\/2018-06\/ministerio-do-trabalho-suspende-concessao-de-registros-sindicais\" target=\"_blank\" rel=\"noopener noreferrer\">suspendido por<\/a><a href=\"http:\/\/http\/\/agenciabrasil.ebc.com.br\/geral\/noticia\/2018-06\/ministerio-do-trabalho-suspende-concessao-de-registros-sindicais\" target=\"_blank\" rel=\"noopener noreferrer\">\u00a0<\/a><a href=\"http:\/\/agenciabrasil.ebc.com.br\/geral\/noticia\/2018-06\/ministerio-do-trabalho-suspende-concessao-de-registros-sindicais\" target=\"_blank\" rel=\"noopener noreferrer\">30 dias as an\u00e1lises,<\/a>\u00a0publica\u00e7\u00f5es de pedidos, publica\u00e7\u00f5es de deferimento e cancelamentos de registro sindical, ap\u00f3s a deflagra\u00e7\u00e3o da Opera\u00e7\u00e3o Registro Esp\u00fario, da Pol\u00edcia Federal.<\/p>\n<div class=\"dnd-widget-wrapper context-cheio_8colunas type-image\">\n<div class=\"dnd-atom-rendered\">\n<figure class=\"mejs-fotoh-wrapper\">\n<p><figure style=\"width: 754px\" class=\"wp-caption alignnone\"><img loading=\"lazy\" decoding=\"async\" class=\"img-responsive full full\" title=\"Valter Campanato\/Ag\u00eancia Brasil\/Ag\u00eancia Brasil\" src=\"http:\/\/imagens.ebc.com.br\/S3790qfHrwsX1eytQkn8-WXBD4c=\/754x0\/smart\/http:\/\/agenciabrasil.ebc.com.br\/sites\/default\/files\/thumbnails\/image\/vac_abr_1007181410.jpg?itok=qW4vn260\" alt=\"Caio Luiz de Almeida Vieira de Mello\" width=\"754\" height=\"426\" \/><figcaption class=\"wp-caption-text\">Caio Luiz de Almeida Vieira de Mello, ministro do Trabalho, suspendeu por 90 dias todos os procedimentos de an\u00e1lise e publica\u00e7\u00f5es relativas ao registro sindical &#8211; Valter Campanato\/Ag\u00eancia Brasil<\/figcaption><\/figure><\/figure>\n<\/div>\n<\/div>\n<p>&nbsp;<\/p>\n<p>No \u00faltimo dia 5, o ent\u00e3o ministro do Trabalho,\u00a0<a href=\"http:\/\/agenciabrasil.ebc.com.br\/politica\/noticia\/2018-07\/temer-aceita-pedido-de-exoneracao-de-ministro-do-trabalho\" target=\"_blank\" rel=\"noopener noreferrer\">Helton Yomura<\/a>, pediu exonera\u00e7\u00e3o do cargo ap\u00f3s ter sido um dos alvos da Opera\u00e7\u00e3o Registro Esp\u00fario. A opera\u00e7\u00e3o foi deflagrada no dia 30 de maio para apurar a suspeita de fraudes no registro de sindicatos junto ao Minist\u00e9rio do Trabalho.<\/p>\n<p>Ao tomar posse, nesta ter\u00e7a-feira (10), o novo ministro\u00a0<a href=\"http:\/\/agenciabrasil.ebc.com.br\/politica\/noticia\/2018-07\/novo-ministro-do-trabalho-defende-atuacao-tecnica-na-pasta\" target=\"_blank\" rel=\"noopener noreferrer\">Caio Vieira de Mello<\/a>\u00a0disse, em entrevista a jornalistas, que o minist\u00e9rio deveria funcionar de forma t\u00e9cnica e que iria examinar a necessidade de fazer uma revis\u00e3o nos cargos da pasta ap\u00f3s a terceira fase da Opera\u00e7\u00e3o Registro Esp\u00fario.<\/p>\n<p>Segundo Vieira de Mello, o presidente Michel Temer pediu que ele desse agilidade ao trabalho do minist\u00e9rio \u201ce ajudasse a resolver os problemas que existem l\u00e1\u201d.<\/p>\n","protected":false},"excerpt":{"rendered":"<p>Nos primeiros dias no comando do Minist\u00e9rio do Trabalho, o ministro Caio Vieira de Mello,&#8230;<\/p>\n","protected":false},"author":1,"featured_media":0,"comment_status":"closed","ping_status":"closed","sticky":false,"template":"","format":"standard","meta":{"footnotes":""},"categories":[19],"tags":[],"class_list":["post-19769","post","type-post","status-publish","format-standard","hentry","category-politica"],"_links":{"self":[{"href":"https:\/\/www.corumbaonline.com.br\/news\/wp-json\/wp\/v2\/posts\/19769","targetHints":{"allow":["GET"]}}],"collection":[{"href":"https:\/\/www.corumbaonline.com.br\/news\/wp-json\/wp\/v2\/posts"}],"about":[{"href":"https:\/\/www.corumbaonline.com.br\/news\/wp-json\/wp\/v2\/types\/post"}],"author":[{"embeddable":true,"href":"https:\/\/www.corumbaonline.com.br\/news\/wp-json\/wp\/v2\/users\/1"}],"replies":[{"embeddable":true,"href":"https:\/\/www.corumbaonline.com.br\/news\/wp-json\/wp\/v2\/comments?post=19769"}],"version-history":[{"count":1,"href":"https:\/\/www.corumbaonline.com.br\/news\/wp-json\/wp\/v2\/posts\/19769\/revisions"}],"predecessor-version":[{"id":19770,"href":"https:\/\/www.corumbaonline.com.br\/news\/wp-json\/wp\/v2\/posts\/19769\/revisions\/19770"}],"wp:attachment":[{"href":"https:\/\/www.corumbaonline.com.br\/news\/wp-json\/wp\/v2\/media?parent=19769"}],"wp:term":[{"taxonomy":"category","embeddable":true,"href":"https:\/\/www.corumbaonline.com.br\/news\/wp-json\/wp\/v2\/categories?post=19769"},{"taxonomy":"post_tag","embeddable":true,"href":"https:\/\/www.corumbaonline.com.br\/news\/wp-json\/wp\/v2\/tags?post=19769"}],"curies":[{"name":"wp","href":"https:\/\/api.w.org\/{rel}","templated":true}]}}