{"id":19777,"date":"2018-07-12T15:28:24","date_gmt":"2018-07-12T19:28:24","guid":{"rendered":"http:\/\/www.corumbaonline.com.br\/news\/?p=19777"},"modified":"2018-07-12T15:22:27","modified_gmt":"2018-07-12T19:22:27","slug":"apos-absolvicao-ptc-quer-delcidio-candidato-em-ms","status":"publish","type":"post","link":"https:\/\/www.corumbaonline.com.br\/news\/apos-absolvicao-ptc-quer-delcidio-candidato-em-ms\/","title":{"rendered":"Ap\u00f3s absolvi\u00e7\u00e3o, PTC quer Delc\u00eddio candidato em MS"},"content":{"rendered":"<p><a href=\"https:\/\/www.midiamax.com.br\/politica\/2018\/delcidio-lula-e-mais-cinco-sao-absolvidos-em-denuncia-sobre-obstrucao-de-justica\/\" target=\"_blank\" rel=\"noopener noreferrer\"><strong>A absolvi\u00e7\u00e3o do ex-senador Delc\u00eddio do Amaral<\/strong><\/a>, publicada nesta quinta-feira (12) pelo juiz federal Ricardo Leite, \u00e9 o primeiro passo para sua candidatura nas elei\u00e7\u00f5es de outubro. Presidente regional do PTC, partido em que Delc\u00eddio \u00e9 filiado, Cezar Gazolla acredita que Delc\u00eddio conseguir\u00e1 reverter a inelegibilidade e consequentemente concorrer\u00e1 nas pr\u00f3ximas elei\u00e7\u00f5es.<\/p>\n<p>Gazolla explica que o partido j\u00e1 esperava pela absolvi\u00e7\u00e3o do ex-senador em raz\u00e3o da den\u00fancia por obstru\u00e7\u00e3o de Justi\u00e7a se tratar de \u201cuma imbecilidade\u201d.<\/p>\n<p>Com a absolvi\u00e7\u00e3o, Delc\u00eddio deve recorrer agora ao STF (Supremo Tribunal Federal) para anular a inelegibilidade, que culminou com a cassa\u00e7\u00e3o do mandato, em maio de 2016. O PTC, segundo o presidente da legenda, vai auxiliar o ex-senador nesse processo.<\/p>\n<p>\u201cNo que ele precisar estamos \u00e0 disposi\u00e7\u00e3o, eu sou advogado e entendo que o objeto da a\u00e7\u00e3o que o transformou em ineleg\u00edvel se perdeu com a absolvi\u00e7\u00e3o\u201d, afirma o presidente.<\/p>\n<p>Sobre as pretens\u00f5es pol\u00edtica de Delc\u00eddio no PTC, Gazolla afirma que ainda ser\u00e3o discutidas, mas revela que vaga ao Senado deve ser a escolhida para ser disputada por Delc\u00eddio. \u201cVamos nos reunir e avaliar as quest\u00f5es, h\u00e1 um sentimento de todo o Estado de falta de um senador atuante porque ele representava um diferencial no Senado\u201d, conclui.<\/p>\n<h3>Senten\u00e7a<\/h3>\n<p>Na senten\u00e7a desta quinta, o juiz Ricardo Leite afirmou que \u00e1udios de conversas captadas entre Delc\u00eddio e os outros envolvidos n\u00e3o s\u00e3o provas v\u00e1lidas \u201cpara ensejar qualquer decreto condenat\u00f3rio\u201d. A grava\u00e7\u00e3o de conversas foi o principal elemento que embasou a den\u00fancia do MPF.<\/p>\n<p>O magistrado afirmou, ainda, que o processo de investiga\u00e7\u00e3o n\u00e3o foi suficiente para reconstruir \u201ca realidade f\u00e1tica\u201d. Para Ricardo Leite, v\u00e1rias situa\u00e7\u00f5es podem ter ocorrido que ocasionaram a conversa entre Delc\u00eddio e os outros denunciados e \u201ca prova fornecida (a grava\u00e7\u00e3o obtida) foi deficiente\u201d.<\/p>\n<p>Em rela\u00e7\u00e3o aos pedidos dos r\u00e9us para libera\u00e7\u00e3o de bens bloqueados no decorrer do processo, o juiz pediu para que o MPF se manifeste sobre o assunto em raz\u00e3o de haver outros processos da Lava Jato que envolvem os r\u00e9us.<\/p>\n","protected":false},"excerpt":{"rendered":"<p>A absolvi\u00e7\u00e3o do ex-senador Delc\u00eddio do Amaral, publicada nesta quinta-feira (12) pelo juiz federal Ricardo&#8230;<\/p>\n","protected":false},"author":1,"featured_media":19778,"comment_status":"closed","ping_status":"closed","sticky":false,"template":"","format":"standard","meta":{"footnotes":""},"categories":[19],"tags":[],"class_list":["post-19777","post","type-post","status-publish","format-standard","has-post-thumbnail","hentry","category-politica"],"_links":{"self":[{"href":"https:\/\/www.corumbaonline.com.br\/news\/wp-json\/wp\/v2\/posts\/19777","targetHints":{"allow":["GET"]}}],"collection":[{"href":"https:\/\/www.corumbaonline.com.br\/news\/wp-json\/wp\/v2\/posts"}],"about":[{"href":"https:\/\/www.corumbaonline.com.br\/news\/wp-json\/wp\/v2\/types\/post"}],"author":[{"embeddable":true,"href":"https:\/\/www.corumbaonline.com.br\/news\/wp-json\/wp\/v2\/users\/1"}],"replies":[{"embeddable":true,"href":"https:\/\/www.corumbaonline.com.br\/news\/wp-json\/wp\/v2\/comments?post=19777"}],"version-history":[{"count":1,"href":"https:\/\/www.corumbaonline.com.br\/news\/wp-json\/wp\/v2\/posts\/19777\/revisions"}],"predecessor-version":[{"id":19779,"href":"https:\/\/www.corumbaonline.com.br\/news\/wp-json\/wp\/v2\/posts\/19777\/revisions\/19779"}],"wp:featuredmedia":[{"embeddable":true,"href":"https:\/\/www.corumbaonline.com.br\/news\/wp-json\/wp\/v2\/media\/19778"}],"wp:attachment":[{"href":"https:\/\/www.corumbaonline.com.br\/news\/wp-json\/wp\/v2\/media?parent=19777"}],"wp:term":[{"taxonomy":"category","embeddable":true,"href":"https:\/\/www.corumbaonline.com.br\/news\/wp-json\/wp\/v2\/categories?post=19777"},{"taxonomy":"post_tag","embeddable":true,"href":"https:\/\/www.corumbaonline.com.br\/news\/wp-json\/wp\/v2\/tags?post=19777"}],"curies":[{"name":"wp","href":"https:\/\/api.w.org\/{rel}","templated":true}]}}